{"id":113,"date":"2017-02-01T16:06:07","date_gmt":"2017-02-01T16:06:07","guid":{"rendered":"http:\/\/iemarcotobon.edu.co\/web\/?p=113"},"modified":"2017-02-24T00:01:35","modified_gmt":"2017-02-24T00:01:35","slug":"con-exito-se-realizo-la-primera-asamblea-de-padres-de-familia-2017","status":"publish","type":"post","link":"http:\/\/iemarcotobon.edu.co\/web\/con-exito-se-realizo-la-primera-asamblea-de-padres-de-familia-2017\/","title":{"rendered":"Con \u00e9xito se realiz\u00f3 la primera asamblea de padres de familia 2017"},"content":{"rendered":"<p style=\"text-align: justify;\"><img loading=\"lazy\" decoding=\"async\" class=\"alignleft wp-image-114 size-medium\" src=\"http:\/\/iemarcotobon.edu.co\/web\/wp-content\/uploads\/2017\/02\/20170131_182235-300x225.jpg\" width=\"300\" height=\"225\" srcset=\"http:\/\/iemarcotobon.edu.co\/web\/wp-content\/uploads\/2017\/02\/20170131_182235-300x225.jpg 300w, http:\/\/iemarcotobon.edu.co\/web\/wp-content\/uploads\/2017\/02\/20170131_182235-768x576.jpg 768w, http:\/\/iemarcotobon.edu.co\/web\/wp-content\/uploads\/2017\/02\/20170131_182235-1024x768.jpg 1024w\" sizes=\"auto, (max-width: 300px) 100vw, 300px\" \/>El d\u00eda 31 de enero de 2017 en el Teatro de la.Unidad Cultural del municipio se realiz\u00f3 con \u00e9xito la primera asamblea general de padres de familia de este a\u00f1o.<\/p>\n<p style=\"text-align: justify;\">En dicho evento contamos con la asistencia de una gran cantidad de padres de familia , del equipo directivo y docentes de la Instituci\u00f3n. Adem\u00e1s se cont\u00f3 con la asistencia del secretario de educaci\u00f3n municipal el Mag\u00edster Edgar Alexander Castrill\u00f3n Yepes y del ingeniero Esteban Chavarr\u00eda en representaci\u00f3n de la se\u00f1ora Alcaldesa la doctora Mar\u00eda del Carmen Rold\u00e1n, quien por situaciones laborales de \u00faltimo momento no pudo asistir al evento.<\/p>\n<p><!--more--><\/p>\n<p style=\"text-align: justify;\">En la Asamblea, los padres de familia recibieron informaci\u00f3n sobre los importantes cambios con los cuales cuenta la Instituci\u00f3n para este a\u00f1o: manual de convivencia y sistema de evaluaci\u00f3n.<\/p>\n<p style=\"text-align: justify;\">La reuni\u00f3n comienza con una corta intervenci\u00f3n a cargo del se\u00f1or Rector Carlos Mario Mej\u00eda Agudelo.\u00a0El rector dirige la oraci\u00f3n y expresa que coloquemos nuestra vida, nuestra familia y nuestra instituci\u00f3n en las manos de Dios. Agradece a la Administraci\u00f3n municipal. Invita a orar por cada uno de nosotros, por los padres de familia que siguen creyendo en la Marco Tob\u00f3n, siguen amando la Marco Tob\u00f3n. En los momentos m\u00e1s dif\u00edciles sabemos qui\u00e9n nos ama. Oramos por la alcaldesa. La Instituci\u00f3n siempre ha estado en las mejores manos y por eso hay que darle gracias a Dios. Estaos en el a\u00f1o del mejoramiento continuo mediante la apropiaci\u00f3n de los procesos de la Instituci\u00f3n. Invita a toda la comunidad educativa para que se apropie de los diferentes procesos institucionales, de manera espec\u00edfica en lo que tiene que ver con convivencia a partir del nuevo Manual de convivencia y en lo acad\u00e9mico con el nuevo Sistema institucional de evaluaci\u00f3n.<\/p>\n<p><img loading=\"lazy\" decoding=\"async\" class=\"aligncenter wp-image-115 size-large\" src=\"http:\/\/iemarcotobon.edu.co\/web\/wp-content\/uploads\/2017\/02\/20170131_180843-1024x768.jpg\" width=\"604\" height=\"453\" srcset=\"http:\/\/iemarcotobon.edu.co\/web\/wp-content\/uploads\/2017\/02\/20170131_180843-1024x768.jpg 1024w, http:\/\/iemarcotobon.edu.co\/web\/wp-content\/uploads\/2017\/02\/20170131_180843-300x225.jpg 300w, http:\/\/iemarcotobon.edu.co\/web\/wp-content\/uploads\/2017\/02\/20170131_180843-768x576.jpg 768w\" sizes=\"auto, (max-width: 604px) 100vw, 604px\" \/><\/p>\n<p style=\"text-align: justify;\">En su intervenci\u00f3n el secretario de educaci\u00f3n municipal invita a los padres de familia a dedicar tiempo de calidad a sus hijos, este tiempo redundar\u00e1 en la formaci\u00f3n de los mismos. A los maestros tambi\u00e9n los invita para que asuman su labor con pasi\u00f3n.<\/p>\n<p style=\"text-align: justify;\">Con relaci<img loading=\"lazy\" decoding=\"async\" class=\"alignleft size-medium wp-image-116\" src=\"http:\/\/iemarcotobon.edu.co\/web\/wp-content\/uploads\/2017\/02\/20170131_183529-300x225.jpg\" alt=\"\" width=\"300\" height=\"225\" srcset=\"http:\/\/iemarcotobon.edu.co\/web\/wp-content\/uploads\/2017\/02\/20170131_183529-300x225.jpg 300w, http:\/\/iemarcotobon.edu.co\/web\/wp-content\/uploads\/2017\/02\/20170131_183529-768x576.jpg 768w, http:\/\/iemarcotobon.edu.co\/web\/wp-content\/uploads\/2017\/02\/20170131_183529-1024x768.jpg 1024w\" sizes=\"auto, (max-width: 300px) 100vw, 300px\" \/>\u00f3n a la situaci\u00f3n de infraestructura los funcionarios de la administraci\u00f3n municipal informaron que, gracias a un comunicado del DAPARD se pudo realizar la demolici\u00f3n de las tapias que se encontraban ya bastante deterioradas y pon\u00edan en riesgo la vida de los estudiantes y dem\u00e1s miembros de la comunidad educativa. El ingeniero Esteban Chavarr\u00eda aclar\u00f3 adem\u00e1s que desde el a\u00f1o 2016 han estado comprometidos con la Instituci\u00f3n, realiza un peque\u00f1o recuento de lo adelantado hasta el momento con la problem\u00e1tica de Infraestructura (cambio de cubiertas, cubrimiento de las tapias, cerramiento de seguridad). Se present\u00f3 una propuesta para realizar una construcci\u00f3n de dos pisos en el mes de diciembre pasado. Dicha construcci\u00f3n se realizar\u00e1 sobre el lote donde estaban las tapias. En esta se contar\u00e1 con aproximadamente 6 aulas de clases, aula m\u00faltiple y \u00e1rea administrativa. El ingeniero comenta que m\u00e1s o menos en el mes de marzo se estar\u00e1 firmando el acta de inicio de contrato de obra p\u00fablica de la construcci\u00f3n despu\u00e9s de realizar todos los tr\u00e1mites de ley.<\/p>\n<p style=\"text-align: justify;\">Posteriormente los coordinadores socializan aspectos relevantes relacionados con el nuevo manual de convivencia y el sistema institucional de evaluaci\u00f3n, seguidamente se realiza la inscripci\u00f3n de los acudientes interesados en hacer parte del consejo de padres, finalizada la reuni\u00f3n se hace entrega del manual de convivencia mediante firma de acta de conocimiento y aceptaci\u00f3n del mismo, adem\u00e1s circular sobre cambios relevantes en el sistema de evaluaci\u00f3n.<\/p>\n","protected":false},"excerpt":{"rendered":"<p>El d\u00eda 31 de enero de 2017 en el Teatro de la.Unidad Cultural del municipio se realiz\u00f3 con \u00e9xito la primera asamblea general de padres de familia de este a\u00f1o. En dicho evento contamos con la asistencia de una gran cantidad de padres de familia , del equipo directivo y docentes de la Instituci\u00f3n. Adem\u00e1s [&hellip;]<\/p>\n","protected":false},"author":1,"featured_media":0,"comment_status":"closed","ping_status":"open","sticky":false,"template":"","format":"standard","meta":{"footnotes":""},"categories":[9],"tags":[],"class_list":["post-113","post","type-post","status-publish","format-standard","hentry","category-padres-de-familia"],"_links":{"self":[{"href":"http:\/\/iemarcotobon.edu.co\/web\/wp-json\/wp\/v2\/posts\/113","targetHints":{"allow":["GET"]}}],"collection":[{"href":"http:\/\/iemarcotobon.edu.co\/web\/wp-json\/wp\/v2\/posts"}],"about":[{"href":"http:\/\/iemarcotobon.edu.co\/web\/wp-json\/wp\/v2\/types\/post"}],"author":[{"embeddable":true,"href":"http:\/\/iemarcotobon.edu.co\/web\/wp-json\/wp\/v2\/users\/1"}],"replies":[{"embeddable":true,"href":"http:\/\/iemarcotobon.edu.co\/web\/wp-json\/wp\/v2\/comments?post=113"}],"version-history":[{"count":9,"href":"http:\/\/iemarcotobon.edu.co\/web\/wp-json\/wp\/v2\/posts\/113\/revisions"}],"predecessor-version":[{"id":130,"href":"http:\/\/iemarcotobon.edu.co\/web\/wp-json\/wp\/v2\/posts\/113\/revisions\/130"}],"wp:attachment":[{"href":"http:\/\/iemarcotobon.edu.co\/web\/wp-json\/wp\/v2\/media?parent=113"}],"wp:term":[{"taxonomy":"category","embeddable":true,"href":"http:\/\/iemarcotobon.edu.co\/web\/wp-json\/wp\/v2\/categories?post=113"},{"taxonomy":"post_tag","embeddable":true,"href":"http:\/\/iemarcotobon.edu.co\/web\/wp-json\/wp\/v2\/tags?post=113"}],"curies":[{"name":"wp","href":"https:\/\/api.w.org\/{rel}","templated":true}]}}