{"id":2051,"date":"2019-09-19T13:53:51","date_gmt":"2019-09-19T13:53:51","guid":{"rendered":"http:\/\/iemarcotobon.edu.co\/web\/?p=2051"},"modified":"2019-09-19T13:53:51","modified_gmt":"2019-09-19T13:53:51","slug":"participacion-en-novenario-virgen-de-las-misericordias","status":"publish","type":"post","link":"http:\/\/iemarcotobon.edu.co\/web\/participacion-en-novenario-virgen-de-las-misericordias\/","title":{"rendered":"Participaci\u00f3n en novenario Virgen de las Misericordias"},"content":{"rendered":"<p style=\"text-align: justify\">La instituci\u00f3n Educativa se hizo presente en el novenario y celebraci\u00f3n del d\u00eda cl\u00e1sico de la virgen de las Misericordias con estudiantes de diversos grupos, quienes con recogimiento y sentido de pertenencia se hicieron presentes en el rosario de aurora, la novena y los dos desfiles del 8 de septiembre en los cuales se rinde homenaje a la virgen en su advocaci\u00f3n de Madre de las Misericordias.<\/p>\n\n\t\t<style type=\"text\/css\">\n\t\t\t#gallery-1 {\n\t\t\t\tmargin: auto;\n\t\t\t}\n\t\t\t#gallery-1 .gallery-item {\n\t\t\t\tfloat: left;\n\t\t\t\tmargin-top: 10px;\n\t\t\t\ttext-align: center;\n\t\t\t\twidth: 50%;\n\t\t\t}\n\t\t\t#gallery-1 img {\n\t\t\t\tborder: 2px solid #cfcfcf;\n\t\t\t}\n\t\t\t#gallery-1 .gallery-caption {\n\t\t\t\tmargin-left: 0;\n\t\t\t}\n\t\t\t\/* see gallery_shortcode() in wp-includes\/media.php *\/\n\t\t<\/style>\n\t\t<div id='gallery-1' class='gallery galleryid-2051 gallery-columns-2 gallery-size-thumbnail'><dl class='gallery-item'>\n\t\t\t<dt class='gallery-icon landscape'>\n\t\t\t\t<a href='http:\/\/iemarcotobon.edu.co\/web\/participacion-en-novenario-virgen-de-las-misericordias\/whatsapp-image-2019-09-18-at-9-49-49-pm\/'><img loading=\"lazy\" decoding=\"async\" width=\"150\" height=\"150\" src=\"http:\/\/iemarcotobon.edu.co\/web\/wp-content\/uploads\/2019\/09\/WhatsApp-Image-2019-09-18-at-9.49.49-PM-150x150.jpeg\" class=\"attachment-thumbnail size-thumbnail\" alt=\"\" \/><\/a>\n\t\t\t<\/dt><\/dl><dl class='gallery-item'>\n\t\t\t<dt class='gallery-icon landscape'>\n\t\t\t\t<a href='http:\/\/iemarcotobon.edu.co\/web\/participacion-en-novenario-virgen-de-las-misericordias\/whatsapp-image-2019-09-18-at-9-49-49-pm-1\/'><img loading=\"lazy\" decoding=\"async\" width=\"150\" height=\"150\" src=\"http:\/\/iemarcotobon.edu.co\/web\/wp-content\/uploads\/2019\/09\/WhatsApp-Image-2019-09-18-at-9.49.49-PM-1-150x150.jpeg\" class=\"attachment-thumbnail size-thumbnail\" alt=\"\" \/><\/a>\n\t\t\t<\/dt><\/dl><br style=\"clear: both\" \/><dl class='gallery-item'>\n\t\t\t<dt class='gallery-icon landscape'>\n\t\t\t\t<a href='http:\/\/iemarcotobon.edu.co\/web\/participacion-en-novenario-virgen-de-las-misericordias\/whatsapp-image-2019-09-18-at-9-49-49-pm-2\/'><img loading=\"lazy\" decoding=\"async\" width=\"150\" height=\"150\" src=\"http:\/\/iemarcotobon.edu.co\/web\/wp-content\/uploads\/2019\/09\/WhatsApp-Image-2019-09-18-at-9.49.49-PM-2-150x150.jpeg\" class=\"attachment-thumbnail size-thumbnail\" alt=\"\" \/><\/a>\n\t\t\t<\/dt><\/dl><dl class='gallery-item'>\n\t\t\t<dt class='gallery-icon landscape'>\n\t\t\t\t<a href='http:\/\/iemarcotobon.edu.co\/web\/participacion-en-novenario-virgen-de-las-misericordias\/whatsapp-image-2019-09-19-at-8-53-03-am\/'><img loading=\"lazy\" decoding=\"async\" width=\"150\" height=\"150\" src=\"http:\/\/iemarcotobon.edu.co\/web\/wp-content\/uploads\/2019\/09\/WhatsApp-Image-2019-09-19-at-8.53.03-AM-150x150.jpeg\" class=\"attachment-thumbnail size-thumbnail\" alt=\"\" \/><\/a>\n\t\t\t<\/dt><\/dl><br style=\"clear: both\" \/>\n\t\t<\/div>\n\n","protected":false},"excerpt":{"rendered":"<p>La instituci\u00f3n Educativa se hizo presente en el novenario y celebraci\u00f3n del d\u00eda cl\u00e1sico de la virgen de las Misericordias con estudiantes de diversos grupos, quienes con recogimiento y sentido de pertenencia se hicieron presentes en el rosario de aurora, la novena y los dos desfiles del 8 de septiembre en los cuales se rinde [&hellip;]<\/p>\n","protected":false},"author":4,"featured_media":0,"comment_status":"closed","ping_status":"open","sticky":false,"template":"","format":"standard","meta":{"footnotes":""},"categories":[10,22],"tags":[],"class_list":["post-2051","post","type-post","status-publish","format-standard","hentry","category-estudiantes","category-proyeccion-institucional"],"_links":{"self":[{"href":"http:\/\/iemarcotobon.edu.co\/web\/wp-json\/wp\/v2\/posts\/2051","targetHints":{"allow":["GET"]}}],"collection":[{"href":"http:\/\/iemarcotobon.edu.co\/web\/wp-json\/wp\/v2\/posts"}],"about":[{"href":"http:\/\/iemarcotobon.edu.co\/web\/wp-json\/wp\/v2\/types\/post"}],"author":[{"embeddable":true,"href":"http:\/\/iemarcotobon.edu.co\/web\/wp-json\/wp\/v2\/users\/4"}],"replies":[{"embeddable":true,"href":"http:\/\/iemarcotobon.edu.co\/web\/wp-json\/wp\/v2\/comments?post=2051"}],"version-history":[{"count":1,"href":"http:\/\/iemarcotobon.edu.co\/web\/wp-json\/wp\/v2\/posts\/2051\/revisions"}],"predecessor-version":[{"id":2056,"href":"http:\/\/iemarcotobon.edu.co\/web\/wp-json\/wp\/v2\/posts\/2051\/revisions\/2056"}],"wp:attachment":[{"href":"http:\/\/iemarcotobon.edu.co\/web\/wp-json\/wp\/v2\/media?parent=2051"}],"wp:term":[{"taxonomy":"category","embeddable":true,"href":"http:\/\/iemarcotobon.edu.co\/web\/wp-json\/wp\/v2\/categories?post=2051"},{"taxonomy":"post_tag","embeddable":true,"href":"http:\/\/iemarcotobon.edu.co\/web\/wp-json\/wp\/v2\/tags?post=2051"}],"curies":[{"name":"wp","href":"https:\/\/api.w.org\/{rel}","templated":true}]}}