{"id":319,"date":"2017-02-15T22:32:30","date_gmt":"2017-02-15T22:32:30","guid":{"rendered":"http:\/\/iemarcotobon.edu.co\/web\/?p=319"},"modified":"2017-03-03T22:33:37","modified_gmt":"2017-03-03T22:33:37","slug":"inicia-el-consejo-de-padres","status":"publish","type":"post","link":"http:\/\/iemarcotobon.edu.co\/web\/inicia-el-consejo-de-padres\/","title":{"rendered":"Inicia el Consejo de Padres"},"content":{"rendered":"<p style=\"text-align: justify;\">Con la participaci\u00f3n de 21 padres de familia, representes de los diferentes grados de la Instituci\u00f3n, se da con \u00e9xito inicio al Consejo de Padres de Familia para el a\u00f1o 2017. Despu\u00e9s de un corto saludo de bienvenida a cargo de la Coordinadora Marta Balbina Yarce, encargada de acompa\u00f1ar el proceso de este organismo de participaci\u00f3n, se realiza la presentaci\u00f3n de los asistentes y la elecci\u00f3n del presidente, vicepresidente y secretario.<\/p>\n<p style=\"text-align: justify;\">\u00a0<a href=\"http:\/\/iemarcotobon.edu.co\/web\/wp-content\/uploads\/2017\/02\/20170215_172458.jpg\"><img loading=\"lazy\" decoding=\"async\" class=\"aligncenter wp-image-320 size-large\" src=\"http:\/\/iemarcotobon.edu.co\/web\/wp-content\/uploads\/2017\/02\/20170215_172458-1024x768.jpg\" width=\"604\" height=\"453\" srcset=\"http:\/\/iemarcotobon.edu.co\/web\/wp-content\/uploads\/2017\/02\/20170215_172458-1024x768.jpg 1024w, http:\/\/iemarcotobon.edu.co\/web\/wp-content\/uploads\/2017\/02\/20170215_172458-300x225.jpg 300w, http:\/\/iemarcotobon.edu.co\/web\/wp-content\/uploads\/2017\/02\/20170215_172458-768x576.jpg 768w\" sizes=\"auto, (max-width: 604px) 100vw, 604px\" \/><\/a><\/p>\n","protected":false},"excerpt":{"rendered":"<p>Con la participaci\u00f3n de 21 padres de familia, representes de los diferentes grados de la Instituci\u00f3n, se da con \u00e9xito inicio al Consejo de Padres de Familia para el a\u00f1o 2017. Despu\u00e9s de un corto saludo de bienvenida a cargo de la Coordinadora Marta Balbina Yarce, encargada de acompa\u00f1ar el proceso de este organismo de [&hellip;]<\/p>\n","protected":false},"author":1,"featured_media":0,"comment_status":"closed","ping_status":"open","sticky":false,"template":"","format":"standard","meta":{"footnotes":""},"categories":[9],"tags":[],"class_list":["post-319","post","type-post","status-publish","format-standard","hentry","category-padres-de-familia"],"_links":{"self":[{"href":"http:\/\/iemarcotobon.edu.co\/web\/wp-json\/wp\/v2\/posts\/319","targetHints":{"allow":["GET"]}}],"collection":[{"href":"http:\/\/iemarcotobon.edu.co\/web\/wp-json\/wp\/v2\/posts"}],"about":[{"href":"http:\/\/iemarcotobon.edu.co\/web\/wp-json\/wp\/v2\/types\/post"}],"author":[{"embeddable":true,"href":"http:\/\/iemarcotobon.edu.co\/web\/wp-json\/wp\/v2\/users\/1"}],"replies":[{"embeddable":true,"href":"http:\/\/iemarcotobon.edu.co\/web\/wp-json\/wp\/v2\/comments?post=319"}],"version-history":[{"count":3,"href":"http:\/\/iemarcotobon.edu.co\/web\/wp-json\/wp\/v2\/posts\/319\/revisions"}],"predecessor-version":[{"id":424,"href":"http:\/\/iemarcotobon.edu.co\/web\/wp-json\/wp\/v2\/posts\/319\/revisions\/424"}],"wp:attachment":[{"href":"http:\/\/iemarcotobon.edu.co\/web\/wp-json\/wp\/v2\/media?parent=319"}],"wp:term":[{"taxonomy":"category","embeddable":true,"href":"http:\/\/iemarcotobon.edu.co\/web\/wp-json\/wp\/v2\/categories?post=319"},{"taxonomy":"post_tag","embeddable":true,"href":"http:\/\/iemarcotobon.edu.co\/web\/wp-json\/wp\/v2\/tags?post=319"}],"curies":[{"name":"wp","href":"https:\/\/api.w.org\/{rel}","templated":true}]}}