{"id":4058,"date":"2022-09-30T22:43:21","date_gmt":"2022-09-30T22:43:21","guid":{"rendered":"https:\/\/iemarcotobon.edu.co\/web\/?p=4058"},"modified":"2022-10-02T00:48:39","modified_gmt":"2022-10-02T00:48:39","slug":"invitacion-dia-de-la-identidad-e-integracion-familiar","status":"publish","type":"post","link":"http:\/\/iemarcotobon.edu.co\/web\/invitacion-dia-de-la-identidad-e-integracion-familiar\/","title":{"rendered":"INVITACI\u00d3N D\u00cdA DE LA IDENTIDAD E INTEGRACI\u00d3N FAMILIAR"},"content":{"rendered":"<p style=\"text-align: center\">Un caluroso saludo a toda nuestra comunidad educativa:<\/p>\n<p style=\"text-align: center\"><span class=\"JsGRdQ\">Desde el <em><strong>Centro<\/strong><\/em><\/span><span class=\"JsGRdQ\"><em><strong> Acad\u00e9mico de Ciencias Sociales<\/strong><\/em>,<\/span><span class=\"JsGRdQ\"> proponemos conmemorar y resaltar la <strong><em>diversidad \u00e9tnica y cultural de nuestro departamento,<\/em><\/strong> a partir de <\/span><span class=\"JsGRdQ\">una<\/span> <span class=\"JsGRdQ\">jornada de <em><strong>integraci\u00f3n pedag\u00f3gica y familiar<\/strong> <\/em><\/span><span class=\"JsGRdQ\">que permita potenciar la creatividad, el trabajo en grupo y la integraci\u00f3n de la comunidad educativa, a trav\u00e9s de una <\/span><strong><em><span class=\"JsGRdQ\">programaci\u00f3n cultural, gastron\u00f3mica y recreativa <\/span><\/em><\/strong><span class=\"JsGRdQ\">que explore, vivencie y potencie los valores y <\/span><span class=\"JsGRdQ\">tradiciones Antioque\u00f1as y de sus subregiones.<\/span><\/p>\n<p style=\"text-align: center\">A continuaci\u00f3n exponemos la programaci\u00f3n Cultural de dicha Jornada:<\/p>\n<p style=\"text-align: center\"><strong><em>Fecha:<\/em> Viernes 07 de Octubre desde las 8:30 a.m.\u00a0 a 2:00 p.m.<\/strong><\/p>\n<p style=\"text-align: center\"><img loading=\"lazy\" decoding=\"async\" class=\"alignnone wp-image-4064 size-full\" src=\"http:\/\/iemarcotobon.edu.co\/web\/wp-content\/uploads\/2022\/09\/Brochure_Identidad-y-la-Familia-1.jpg\" alt=\"\" width=\"2000\" height=\"1414\" srcset=\"http:\/\/iemarcotobon.edu.co\/web\/wp-content\/uploads\/2022\/09\/Brochure_Identidad-y-la-Familia-1.jpg 2000w, http:\/\/iemarcotobon.edu.co\/web\/wp-content\/uploads\/2022\/09\/Brochure_Identidad-y-la-Familia-1-300x212.jpg 300w, http:\/\/iemarcotobon.edu.co\/web\/wp-content\/uploads\/2022\/09\/Brochure_Identidad-y-la-Familia-1-1024x724.jpg 1024w, http:\/\/iemarcotobon.edu.co\/web\/wp-content\/uploads\/2022\/09\/Brochure_Identidad-y-la-Familia-1-768x543.jpg 768w, http:\/\/iemarcotobon.edu.co\/web\/wp-content\/uploads\/2022\/09\/Brochure_Identidad-y-la-Familia-1-1536x1086.jpg 1536w\" sizes=\"auto, (max-width: 2000px) 100vw, 2000px\" \/><\/p>\n","protected":false},"excerpt":{"rendered":"<p>Un caluroso saludo a toda nuestra comunidad educativa: Desde el Centro Acad\u00e9mico de Ciencias Sociales, proponemos conmemorar y resaltar la diversidad \u00e9tnica y cultural de nuestro departamento, a partir de una jornada de integraci\u00f3n pedag\u00f3gica y familiar que permita potenciar la creatividad, el trabajo en grupo y la integraci\u00f3n de la comunidad educativa, a trav\u00e9s [&hellip;]<\/p>\n","protected":false},"author":2,"featured_media":4060,"comment_status":"closed","ping_status":"open","sticky":false,"template":"","format":"standard","meta":{"footnotes":""},"categories":[62,18,1,9],"tags":[65],"class_list":["post-4058","post","type-post","status-publish","format-standard","has-post-thumbnail","hentry","category-asociacion-de-padres-de-familia","category-jornadas-pedagogicas","category-noticias-2","category-padres-de-familia","tag-fiesta-identidad-e-integracion-familiar"],"_links":{"self":[{"href":"http:\/\/iemarcotobon.edu.co\/web\/wp-json\/wp\/v2\/posts\/4058","targetHints":{"allow":["GET"]}}],"collection":[{"href":"http:\/\/iemarcotobon.edu.co\/web\/wp-json\/wp\/v2\/posts"}],"about":[{"href":"http:\/\/iemarcotobon.edu.co\/web\/wp-json\/wp\/v2\/types\/post"}],"author":[{"embeddable":true,"href":"http:\/\/iemarcotobon.edu.co\/web\/wp-json\/wp\/v2\/users\/2"}],"replies":[{"embeddable":true,"href":"http:\/\/iemarcotobon.edu.co\/web\/wp-json\/wp\/v2\/comments?post=4058"}],"version-history":[{"count":4,"href":"http:\/\/iemarcotobon.edu.co\/web\/wp-json\/wp\/v2\/posts\/4058\/revisions"}],"predecessor-version":[{"id":4065,"href":"http:\/\/iemarcotobon.edu.co\/web\/wp-json\/wp\/v2\/posts\/4058\/revisions\/4065"}],"wp:featuredmedia":[{"embeddable":true,"href":"http:\/\/iemarcotobon.edu.co\/web\/wp-json\/wp\/v2\/media\/4060"}],"wp:attachment":[{"href":"http:\/\/iemarcotobon.edu.co\/web\/wp-json\/wp\/v2\/media?parent=4058"}],"wp:term":[{"taxonomy":"category","embeddable":true,"href":"http:\/\/iemarcotobon.edu.co\/web\/wp-json\/wp\/v2\/categories?post=4058"},{"taxonomy":"post_tag","embeddable":true,"href":"http:\/\/iemarcotobon.edu.co\/web\/wp-json\/wp\/v2\/tags?post=4058"}],"curies":[{"name":"wp","href":"https:\/\/api.w.org\/{rel}","templated":true}]}}