{"id":443,"date":"2017-03-07T11:17:55","date_gmt":"2017-03-07T11:17:55","guid":{"rendered":"http:\/\/iemarcotobon.edu.co\/web\/?p=443"},"modified":"2017-03-09T11:18:14","modified_gmt":"2017-03-09T11:18:14","slug":"debate-electoral","status":"publish","type":"post","link":"http:\/\/iemarcotobon.edu.co\/web\/debate-electoral\/","title":{"rendered":"Debate electoral"},"content":{"rendered":"<p style=\"text-align: justify;\">Con una excelente participaci\u00f3n de todos los estudiantes se realiz\u00f3 el d\u00eda martes 7 de marzo el debate electoral. El encuentro inicia con un saludo y oraci\u00f3n a cargo del coordinador Juan Carlos Monsalve.<\/p>\n<p style=\"text-align: justify;\"><img loading=\"lazy\" decoding=\"async\" class=\"alignleft size-large wp-image-444\" src=\"http:\/\/iemarcotobon.edu.co\/web\/wp-content\/uploads\/2017\/03\/20170307_064522-1024x768.jpg\" alt=\"\" width=\"604\" height=\"453\" srcset=\"http:\/\/iemarcotobon.edu.co\/web\/wp-content\/uploads\/2017\/03\/20170307_064522-1024x768.jpg 1024w, http:\/\/iemarcotobon.edu.co\/web\/wp-content\/uploads\/2017\/03\/20170307_064522-300x225.jpg 300w, http:\/\/iemarcotobon.edu.co\/web\/wp-content\/uploads\/2017\/03\/20170307_064522-768x576.jpg 768w\" sizes=\"auto, (max-width: 604px) 100vw, 604px\" \/><\/p>\n<p style=\"text-align: justify;\"><!--more--><\/p>\n<p style=\"text-align: justify;\">Posteriormente los docentes del \u00e1rea de Ciencias Sociales explican la din\u00e1mica de la actividad, luego son llamados los candidatos. Para el debate se prepararon 15 preguntas, las cuales fueron depositadas en un sobre, cada uno de los candidatos iba tomando una pregunta al azar y sobre esta pregunta realizaba su intervenci\u00f3n.<\/p>\n<p style=\"text-align: justify;\">Algunas de las preguntas planteadas fueron:<\/p>\n<ul>\n<li style=\"text-align: justify;\">\u00bfCu\u00e1l ser\u00e1 tu aporte como personer@ para lograr mejor cohesi\u00f3n entre la Marco Tob\u00f3n Mej\u00eda y sus sedes?, \u00bfqu\u00e9 propuestas llevar\u00edas a cabo para un acercamiento y seguimiento a sus proyectos y propuestas?<\/li>\n<li style=\"text-align: justify;\">\u00bfEst\u00e1s de acuerdo con el nuevo manual de convivencia?, \u00bfCrees que es algo coercitivo o por el contrario piensas que es muy condescendiente con los estudiantes?<\/li>\n<li style=\"text-align: justify;\">\u00bfPiensas que el nuevo sistema de evaluaci\u00f3n le pueda aportar al mejoramiento de la instituci\u00f3n?<\/li>\n<\/ul>\n<p style=\"text-align: justify;\">A continuaci\u00f3n algunas fotograf\u00edas del evento:<\/p>\n\n\t\t<style type=\"text\/css\">\n\t\t\t#gallery-1 {\n\t\t\t\tmargin: auto;\n\t\t\t}\n\t\t\t#gallery-1 .gallery-item {\n\t\t\t\tfloat: left;\n\t\t\t\tmargin-top: 10px;\n\t\t\t\ttext-align: center;\n\t\t\t\twidth: 50%;\n\t\t\t}\n\t\t\t#gallery-1 img {\n\t\t\t\tborder: 2px solid #cfcfcf;\n\t\t\t}\n\t\t\t#gallery-1 .gallery-caption {\n\t\t\t\tmargin-left: 0;\n\t\t\t}\n\t\t\t\/* see gallery_shortcode() in wp-includes\/media.php *\/\n\t\t<\/style>\n\t\t<div id='gallery-1' class='gallery galleryid-443 gallery-columns-2 gallery-size-thumbnail'><dl class='gallery-item'>\n\t\t\t<dt class='gallery-icon landscape'>\n\t\t\t\t<a href='http:\/\/iemarcotobon.edu.co\/web\/debate-electoral\/20170307_064731\/'><img loading=\"lazy\" decoding=\"async\" width=\"150\" height=\"150\" src=\"http:\/\/iemarcotobon.edu.co\/web\/wp-content\/uploads\/2017\/03\/20170307_064731-150x150.jpg\" class=\"attachment-thumbnail size-thumbnail\" alt=\"\" \/><\/a>\n\t\t\t<\/dt><\/dl><dl class='gallery-item'>\n\t\t\t<dt class='gallery-icon landscape'>\n\t\t\t\t<a href='http:\/\/iemarcotobon.edu.co\/web\/debate-electoral\/20170307_064753\/'><img loading=\"lazy\" decoding=\"async\" width=\"150\" height=\"150\" src=\"http:\/\/iemarcotobon.edu.co\/web\/wp-content\/uploads\/2017\/03\/20170307_064753-150x150.jpg\" class=\"attachment-thumbnail size-thumbnail\" alt=\"\" \/><\/a>\n\t\t\t<\/dt><\/dl><br style=\"clear: both\" \/><dl class='gallery-item'>\n\t\t\t<dt class='gallery-icon landscape'>\n\t\t\t\t<a href='http:\/\/iemarcotobon.edu.co\/web\/debate-electoral\/20170307_064804\/'><img loading=\"lazy\" decoding=\"async\" width=\"150\" height=\"150\" src=\"http:\/\/iemarcotobon.edu.co\/web\/wp-content\/uploads\/2017\/03\/20170307_064804-150x150.jpg\" class=\"attachment-thumbnail size-thumbnail\" alt=\"\" \/><\/a>\n\t\t\t<\/dt><\/dl><dl class='gallery-item'>\n\t\t\t<dt class='gallery-icon landscape'>\n\t\t\t\t<a href='http:\/\/iemarcotobon.edu.co\/web\/debate-electoral\/20170307_064816\/'><img loading=\"lazy\" decoding=\"async\" width=\"150\" height=\"150\" src=\"http:\/\/iemarcotobon.edu.co\/web\/wp-content\/uploads\/2017\/03\/20170307_064816-150x150.jpg\" class=\"attachment-thumbnail size-thumbnail\" alt=\"\" \/><\/a>\n\t\t\t<\/dt><\/dl><br style=\"clear: both\" \/><dl class='gallery-item'>\n\t\t\t<dt class='gallery-icon landscape'>\n\t\t\t\t<a href='http:\/\/iemarcotobon.edu.co\/web\/debate-electoral\/20170307_065031\/'><img loading=\"lazy\" decoding=\"async\" width=\"150\" height=\"150\" src=\"http:\/\/iemarcotobon.edu.co\/web\/wp-content\/uploads\/2017\/03\/20170307_065031-150x150.jpg\" class=\"attachment-thumbnail size-thumbnail\" alt=\"\" \/><\/a>\n\t\t\t<\/dt><\/dl><dl class='gallery-item'>\n\t\t\t<dt class='gallery-icon landscape'>\n\t\t\t\t<a href='http:\/\/iemarcotobon.edu.co\/web\/debate-electoral\/20170307_065208\/'><img loading=\"lazy\" decoding=\"async\" width=\"150\" height=\"150\" src=\"http:\/\/iemarcotobon.edu.co\/web\/wp-content\/uploads\/2017\/03\/20170307_065208-150x150.jpg\" class=\"attachment-thumbnail size-thumbnail\" alt=\"\" \/><\/a>\n\t\t\t<\/dt><\/dl><br style=\"clear: both\" \/><dl class='gallery-item'>\n\t\t\t<dt class='gallery-icon landscape'>\n\t\t\t\t<a href='http:\/\/iemarcotobon.edu.co\/web\/debate-electoral\/20170307_065413\/'><img loading=\"lazy\" decoding=\"async\" width=\"150\" height=\"150\" src=\"http:\/\/iemarcotobon.edu.co\/web\/wp-content\/uploads\/2017\/03\/20170307_065413-150x150.jpg\" class=\"attachment-thumbnail size-thumbnail\" alt=\"\" \/><\/a>\n\t\t\t<\/dt><\/dl><dl class='gallery-item'>\n\t\t\t<dt class='gallery-icon landscape'>\n\t\t\t\t<a href='http:\/\/iemarcotobon.edu.co\/web\/debate-electoral\/20170307_065419\/'><img loading=\"lazy\" decoding=\"async\" width=\"150\" height=\"150\" src=\"http:\/\/iemarcotobon.edu.co\/web\/wp-content\/uploads\/2017\/03\/20170307_065419-150x150.jpg\" class=\"attachment-thumbnail size-thumbnail\" alt=\"\" \/><\/a>\n\t\t\t<\/dt><\/dl><br style=\"clear: both\" \/><dl class='gallery-item'>\n\t\t\t<dt class='gallery-icon landscape'>\n\t\t\t\t<a href='http:\/\/iemarcotobon.edu.co\/web\/debate-electoral\/20170307_065437\/'><img loading=\"lazy\" decoding=\"async\" width=\"150\" height=\"150\" src=\"http:\/\/iemarcotobon.edu.co\/web\/wp-content\/uploads\/2017\/03\/20170307_065437-150x150.jpg\" class=\"attachment-thumbnail size-thumbnail\" alt=\"\" \/><\/a>\n\t\t\t<\/dt><\/dl><dl class='gallery-item'>\n\t\t\t<dt class='gallery-icon landscape'>\n\t\t\t\t<a href='http:\/\/iemarcotobon.edu.co\/web\/debate-electoral\/20170307_065444\/'><img loading=\"lazy\" decoding=\"async\" width=\"150\" height=\"150\" src=\"http:\/\/iemarcotobon.edu.co\/web\/wp-content\/uploads\/2017\/03\/20170307_065444-150x150.jpg\" class=\"attachment-thumbnail size-thumbnail\" alt=\"\" \/><\/a>\n\t\t\t<\/dt><\/dl><br style=\"clear: both\" \/>\n\t\t<\/div>\n\n","protected":false},"excerpt":{"rendered":"<p>Con una excelente participaci\u00f3n de todos los estudiantes se realiz\u00f3 el d\u00eda martes 7 de marzo el debate electoral. El encuentro inicia con un saludo y oraci\u00f3n a cargo del coordinador Juan Carlos Monsalve.<\/p>\n","protected":false},"author":1,"featured_media":0,"comment_status":"closed","ping_status":"open","sticky":false,"template":"","format":"standard","meta":{"footnotes":""},"categories":[10],"tags":[],"class_list":["post-443","post","type-post","status-publish","format-standard","hentry","category-estudiantes"],"_links":{"self":[{"href":"http:\/\/iemarcotobon.edu.co\/web\/wp-json\/wp\/v2\/posts\/443","targetHints":{"allow":["GET"]}}],"collection":[{"href":"http:\/\/iemarcotobon.edu.co\/web\/wp-json\/wp\/v2\/posts"}],"about":[{"href":"http:\/\/iemarcotobon.edu.co\/web\/wp-json\/wp\/v2\/types\/post"}],"author":[{"embeddable":true,"href":"http:\/\/iemarcotobon.edu.co\/web\/wp-json\/wp\/v2\/users\/1"}],"replies":[{"embeddable":true,"href":"http:\/\/iemarcotobon.edu.co\/web\/wp-json\/wp\/v2\/comments?post=443"}],"version-history":[{"count":1,"href":"http:\/\/iemarcotobon.edu.co\/web\/wp-json\/wp\/v2\/posts\/443\/revisions"}],"predecessor-version":[{"id":456,"href":"http:\/\/iemarcotobon.edu.co\/web\/wp-json\/wp\/v2\/posts\/443\/revisions\/456"}],"wp:attachment":[{"href":"http:\/\/iemarcotobon.edu.co\/web\/wp-json\/wp\/v2\/media?parent=443"}],"wp:term":[{"taxonomy":"category","embeddable":true,"href":"http:\/\/iemarcotobon.edu.co\/web\/wp-json\/wp\/v2\/categories?post=443"},{"taxonomy":"post_tag","embeddable":true,"href":"http:\/\/iemarcotobon.edu.co\/web\/wp-json\/wp\/v2\/tags?post=443"}],"curies":[{"name":"wp","href":"https:\/\/api.w.org\/{rel}","templated":true}]}}