{"id":5068,"date":"2024-03-14T19:02:41","date_gmt":"2024-03-14T19:02:41","guid":{"rendered":"https:\/\/iemarcotobon.edu.co\/web\/?p=5068"},"modified":"2024-03-14T19:14:18","modified_gmt":"2024-03-14T19:14:18","slug":"primer-microcentro-del-ano","status":"publish","type":"post","link":"http:\/\/iemarcotobon.edu.co\/web\/primer-microcentro-del-ano\/","title":{"rendered":"Primer Microcentro."},"content":{"rendered":"<p><img loading=\"lazy\" decoding=\"async\" class=\"aligncenter size-medium wp-image-5069\" src=\"http:\/\/iemarcotobon.edu.co\/web\/wp-content\/uploads\/2024\/03\/WhatsApp-Image-2024-03-07-at-1.49.20-PM-300x225.jpeg\" alt=\"\" width=\"300\" height=\"225\" srcset=\"http:\/\/iemarcotobon.edu.co\/web\/wp-content\/uploads\/2024\/03\/WhatsApp-Image-2024-03-07-at-1.49.20-PM-300x225.jpeg 300w, http:\/\/iemarcotobon.edu.co\/web\/wp-content\/uploads\/2024\/03\/WhatsApp-Image-2024-03-07-at-1.49.20-PM-1024x768.jpeg 1024w, http:\/\/iemarcotobon.edu.co\/web\/wp-content\/uploads\/2024\/03\/WhatsApp-Image-2024-03-07-at-1.49.20-PM-768x576.jpeg 768w, http:\/\/iemarcotobon.edu.co\/web\/wp-content\/uploads\/2024\/03\/WhatsApp-Image-2024-03-07-at-1.49.20-PM.jpeg 1280w\" sizes=\"auto, (max-width: 300px) 100vw, 300px\" \/><\/p>\n<p>El microcentro \u00abMaestros Inquietos Creando y Compartiendo Saberes\u00bb, hace apertura a los espacios de formaci\u00f3n para la vigencia 2024.<\/p>\n<p>El primer encuentro de este a\u00f1o tuvo lugar en las instalaciones de la Sede La Planta.<\/p>\n<p>Ese espacio fue la oportunidad para actualizarse en\u00a0 lo relacionado con la construcci\u00f3n del pensamiento num\u00e9rico con m\u00e9todos como el COPISI (concreto, pict\u00f3rico, simb\u00f3lico). Este abordaje metodol\u00f3gico permite que el estudiante transite por este pensamiento, en las estructuras aditiva y multiplicativa,\u00a0 y construya nociones, fundament\u00e1ndolo desde la manipulaci\u00f3n del material concreto, referenciaci\u00f3n y representaci\u00f3n (pict\u00f3rico)\u00a0 desde la apropiaci\u00f3n individual o grupal y finalmente el uso del algoritmo y la representaci\u00f3n abstracta o simb\u00f3lica.<\/p>\n<p>Se aprovech\u00f3 este encuentro, del 7 de marzo,\u00a0 para conmemorar el d\u00eda internacional de la mujer y abordar temas log\u00edsticos para funcionamiento interno del microcentro.<\/p>\n<p><img loading=\"lazy\" decoding=\"async\" class=\"size-medium wp-image-5089 alignleft\" src=\"http:\/\/iemarcotobon.edu.co\/web\/wp-content\/uploads\/2024\/03\/WhatsApp-Image-2024-03-14-at-2.10.42-PM-300x225.jpeg\" alt=\"\" width=\"300\" height=\"225\" srcset=\"http:\/\/iemarcotobon.edu.co\/web\/wp-content\/uploads\/2024\/03\/WhatsApp-Image-2024-03-14-at-2.10.42-PM-300x225.jpeg 300w, http:\/\/iemarcotobon.edu.co\/web\/wp-content\/uploads\/2024\/03\/WhatsApp-Image-2024-03-14-at-2.10.42-PM-1024x768.jpeg 1024w, http:\/\/iemarcotobon.edu.co\/web\/wp-content\/uploads\/2024\/03\/WhatsApp-Image-2024-03-14-at-2.10.42-PM-768x576.jpeg 768w, http:\/\/iemarcotobon.edu.co\/web\/wp-content\/uploads\/2024\/03\/WhatsApp-Image-2024-03-14-at-2.10.42-PM.jpeg 1156w\" sizes=\"auto, (max-width: 300px) 100vw, 300px\" \/><img loading=\"lazy\" decoding=\"async\" class=\"size-medium wp-image-5091 alignleft\" src=\"http:\/\/iemarcotobon.edu.co\/web\/wp-content\/uploads\/2024\/03\/WhatsApp-Image-2024-03-14-at-2.10.01-PM-300x225.jpeg\" alt=\"\" width=\"300\" height=\"225\" srcset=\"http:\/\/iemarcotobon.edu.co\/web\/wp-content\/uploads\/2024\/03\/WhatsApp-Image-2024-03-14-at-2.10.01-PM-300x225.jpeg 300w, http:\/\/iemarcotobon.edu.co\/web\/wp-content\/uploads\/2024\/03\/WhatsApp-Image-2024-03-14-at-2.10.01-PM-1024x768.jpeg 1024w, http:\/\/iemarcotobon.edu.co\/web\/wp-content\/uploads\/2024\/03\/WhatsApp-Image-2024-03-14-at-2.10.01-PM-768x576.jpeg 768w, http:\/\/iemarcotobon.edu.co\/web\/wp-content\/uploads\/2024\/03\/WhatsApp-Image-2024-03-14-at-2.10.01-PM.jpeg 1156w\" sizes=\"auto, (max-width: 300px) 100vw, 300px\" \/><\/p>\n","protected":false},"excerpt":{"rendered":"<p>El microcentro \u00abMaestros Inquietos Creando y Compartiendo Saberes\u00bb, hace apertura a los espacios de formaci\u00f3n para la vigencia 2024. El primer encuentro de este a\u00f1o tuvo lugar en las instalaciones de la Sede La Planta. Ese espacio fue la oportunidad para actualizarse en\u00a0 lo relacionado con la construcci\u00f3n del pensamiento num\u00e9rico con m\u00e9todos como el [&hellip;]<\/p>\n","protected":false},"author":6,"featured_media":0,"comment_status":"closed","ping_status":"open","sticky":false,"template":"","format":"standard","meta":{"footnotes":""},"categories":[15],"tags":[],"class_list":["post-5068","post","type-post","status-publish","format-standard","hentry","category-sedes"],"_links":{"self":[{"href":"http:\/\/iemarcotobon.edu.co\/web\/wp-json\/wp\/v2\/posts\/5068","targetHints":{"allow":["GET"]}}],"collection":[{"href":"http:\/\/iemarcotobon.edu.co\/web\/wp-json\/wp\/v2\/posts"}],"about":[{"href":"http:\/\/iemarcotobon.edu.co\/web\/wp-json\/wp\/v2\/types\/post"}],"author":[{"embeddable":true,"href":"http:\/\/iemarcotobon.edu.co\/web\/wp-json\/wp\/v2\/users\/6"}],"replies":[{"embeddable":true,"href":"http:\/\/iemarcotobon.edu.co\/web\/wp-json\/wp\/v2\/comments?post=5068"}],"version-history":[{"count":5,"href":"http:\/\/iemarcotobon.edu.co\/web\/wp-json\/wp\/v2\/posts\/5068\/revisions"}],"predecessor-version":[{"id":5093,"href":"http:\/\/iemarcotobon.edu.co\/web\/wp-json\/wp\/v2\/posts\/5068\/revisions\/5093"}],"wp:attachment":[{"href":"http:\/\/iemarcotobon.edu.co\/web\/wp-json\/wp\/v2\/media?parent=5068"}],"wp:term":[{"taxonomy":"category","embeddable":true,"href":"http:\/\/iemarcotobon.edu.co\/web\/wp-json\/wp\/v2\/categories?post=5068"},{"taxonomy":"post_tag","embeddable":true,"href":"http:\/\/iemarcotobon.edu.co\/web\/wp-json\/wp\/v2\/tags?post=5068"}],"curies":[{"name":"wp","href":"https:\/\/api.w.org\/{rel}","templated":true}]}}