{"id":5150,"date":"2024-04-23T17:44:28","date_gmt":"2024-04-23T17:44:28","guid":{"rendered":"https:\/\/iemarcotobon.edu.co\/web\/?p=5150"},"modified":"2024-04-24T12:09:37","modified_gmt":"2024-04-24T12:09:37","slug":"iniciativas-ambientales-m-t-m","status":"publish","type":"post","link":"http:\/\/iemarcotobon.edu.co\/web\/iniciativas-ambientales-m-t-m\/","title":{"rendered":"Iniciativas Ambientales M.T.M"},"content":{"rendered":"<p>El colectivo docente de la educaci\u00f3n media y b\u00e1sica de la IE Marco Tob\u00f3n Mej\u00eda del municipio de Santa Rosa de Osos promueve desde el a\u00f1o pasado iniciativas que generen impacto en la comunidad educativa, buscando la reflexi\u00f3n y concientizaci\u00f3n sobre la preservaci\u00f3n de la biodiversidad y los sistemas ecol\u00f3gicos del municipio.<\/p>\n<p>La estrategia es sencilla, a trav\u00e9s de medidas de hecho estamos motivando al estudiante de los grados decimo y und\u00e9cimo ha reconocer sus riquezas naturales para que desde su visi\u00f3n se generen procesos de sostenimiento, inculcando el cuidado de sus ambientes naturales como sus fuentes hidrol\u00f3gicas, particularmente el r\u00edo Grande y el r\u00edo Guadalupe, as\u00ed como sus afluentes anexos.<\/p>\n<p><img loading=\"lazy\" decoding=\"async\" class=\"alignnone size-full wp-image-5151\" src=\"http:\/\/iemarcotobon.edu.co\/web\/wp-content\/uploads\/2024\/04\/Imagen-de-WhatsApp-2024-04-23-a-las-12.10.33_c99fe132.jpg\" alt=\"\" width=\"1600\" height=\"1200\" srcset=\"http:\/\/iemarcotobon.edu.co\/web\/wp-content\/uploads\/2024\/04\/Imagen-de-WhatsApp-2024-04-23-a-las-12.10.33_c99fe132.jpg 1600w, http:\/\/iemarcotobon.edu.co\/web\/wp-content\/uploads\/2024\/04\/Imagen-de-WhatsApp-2024-04-23-a-las-12.10.33_c99fe132-300x225.jpg 300w, http:\/\/iemarcotobon.edu.co\/web\/wp-content\/uploads\/2024\/04\/Imagen-de-WhatsApp-2024-04-23-a-las-12.10.33_c99fe132-1024x768.jpg 1024w, http:\/\/iemarcotobon.edu.co\/web\/wp-content\/uploads\/2024\/04\/Imagen-de-WhatsApp-2024-04-23-a-las-12.10.33_c99fe132-768x576.jpg 768w, http:\/\/iemarcotobon.edu.co\/web\/wp-content\/uploads\/2024\/04\/Imagen-de-WhatsApp-2024-04-23-a-las-12.10.33_c99fe132-1536x1152.jpg 1536w\" sizes=\"auto, (max-width: 1600px) 100vw, 1600px\" \/><\/p>\n<p>Teniendo en cuenta estas particularidades el d\u00eda 19 de abril del presente a\u00f1o hemos realizado la visita a la planta de tratamiento de agua potable AASSA S.A ubicado en la vereda el alto de la mina para que los estudiantes del grado 10 B se familiaricen con los m\u00e9todos usados para transformar el agua cruda en agua potable, la cual es consumida en los hogares y sistemas urbanos del municipio.<\/p>\n<p><img loading=\"lazy\" decoding=\"async\" class=\"alignnone size-full wp-image-5154\" src=\"http:\/\/iemarcotobon.edu.co\/web\/wp-content\/uploads\/2024\/04\/Imagen-de-WhatsApp-2024-04-23-a-las-12.10.33_89270903.jpg\" alt=\"\" width=\"1600\" height=\"1200\" srcset=\"http:\/\/iemarcotobon.edu.co\/web\/wp-content\/uploads\/2024\/04\/Imagen-de-WhatsApp-2024-04-23-a-las-12.10.33_89270903.jpg 1600w, http:\/\/iemarcotobon.edu.co\/web\/wp-content\/uploads\/2024\/04\/Imagen-de-WhatsApp-2024-04-23-a-las-12.10.33_89270903-300x225.jpg 300w, http:\/\/iemarcotobon.edu.co\/web\/wp-content\/uploads\/2024\/04\/Imagen-de-WhatsApp-2024-04-23-a-las-12.10.33_89270903-1024x768.jpg 1024w, http:\/\/iemarcotobon.edu.co\/web\/wp-content\/uploads\/2024\/04\/Imagen-de-WhatsApp-2024-04-23-a-las-12.10.33_89270903-768x576.jpg 768w, http:\/\/iemarcotobon.edu.co\/web\/wp-content\/uploads\/2024\/04\/Imagen-de-WhatsApp-2024-04-23-a-las-12.10.33_89270903-1536x1152.jpg 1536w\" sizes=\"auto, (max-width: 1600px) 100vw, 1600px\" \/><\/p>\n<p>Aprovechando la controversia suscitada por el d\u00eda c\u00edvico decretado por la presidencia de la republica colombiana, generamos espacios de debate sobre los temas mencionados como el uso responsable de los recursos h\u00eddricos, el racionamiento, el calentamiento global como causas directas de las alarmas sobre los niveles de los embalses en algunos municipios aleda\u00f1os, el departamento, la naci\u00f3n y el mundo entero.<\/p>\n<p><img loading=\"lazy\" decoding=\"async\" class=\"alignnone size-full wp-image-5155\" src=\"http:\/\/iemarcotobon.edu.co\/web\/wp-content\/uploads\/2024\/04\/Imagen-de-WhatsApp-2024-04-23-a-las-12.10.33_8e72ab70.jpg\" alt=\"\" width=\"1280\" height=\"1280\" srcset=\"http:\/\/iemarcotobon.edu.co\/web\/wp-content\/uploads\/2024\/04\/Imagen-de-WhatsApp-2024-04-23-a-las-12.10.33_8e72ab70.jpg 1280w, http:\/\/iemarcotobon.edu.co\/web\/wp-content\/uploads\/2024\/04\/Imagen-de-WhatsApp-2024-04-23-a-las-12.10.33_8e72ab70-300x300.jpg 300w, http:\/\/iemarcotobon.edu.co\/web\/wp-content\/uploads\/2024\/04\/Imagen-de-WhatsApp-2024-04-23-a-las-12.10.33_8e72ab70-1024x1024.jpg 1024w, http:\/\/iemarcotobon.edu.co\/web\/wp-content\/uploads\/2024\/04\/Imagen-de-WhatsApp-2024-04-23-a-las-12.10.33_8e72ab70-150x150.jpg 150w, http:\/\/iemarcotobon.edu.co\/web\/wp-content\/uploads\/2024\/04\/Imagen-de-WhatsApp-2024-04-23-a-las-12.10.33_8e72ab70-768x768.jpg 768w\" sizes=\"auto, (max-width: 1280px) 100vw, 1280px\" \/><\/p>\n<p style=\"text-align: center;\"><em>Planta de tratamiento de agua potable (alto de la mina)<\/em><\/p>\n<p>&nbsp;<\/p>\n<p>Del mismo modo, el d\u00eda 22 de abril nos desplazamos a la boca toma en la vereda las cruces para conmemorar el d\u00eda de la tierra y el d\u00eda del \u00e1rbol que se celebran el 23 de abril, realizando una reforestaci\u00f3n, sembrando 100 \u00e1rboles donados por la administraci\u00f3n p\u00fablica en compa\u00f1\u00eda de funcionarios de la UMATA, de la empresa de acueducto y alcantarillado AASSA S.A, docentes de la instituci\u00f3n, miembros de Corpoambientales de Antioquia y los estudiantes del grado 10 C.<\/p>\n<p><img loading=\"lazy\" decoding=\"async\" class=\"alignnone size-full wp-image-5156\" src=\"http:\/\/iemarcotobon.edu.co\/web\/wp-content\/uploads\/2024\/04\/Imagen-de-WhatsApp-2024-04-23-a-las-12.11.38_c3d8ff85.jpg\" alt=\"\" width=\"1280\" height=\"1280\" srcset=\"http:\/\/iemarcotobon.edu.co\/web\/wp-content\/uploads\/2024\/04\/Imagen-de-WhatsApp-2024-04-23-a-las-12.11.38_c3d8ff85.jpg 1280w, http:\/\/iemarcotobon.edu.co\/web\/wp-content\/uploads\/2024\/04\/Imagen-de-WhatsApp-2024-04-23-a-las-12.11.38_c3d8ff85-300x300.jpg 300w, http:\/\/iemarcotobon.edu.co\/web\/wp-content\/uploads\/2024\/04\/Imagen-de-WhatsApp-2024-04-23-a-las-12.11.38_c3d8ff85-1024x1024.jpg 1024w, http:\/\/iemarcotobon.edu.co\/web\/wp-content\/uploads\/2024\/04\/Imagen-de-WhatsApp-2024-04-23-a-las-12.11.38_c3d8ff85-150x150.jpg 150w, http:\/\/iemarcotobon.edu.co\/web\/wp-content\/uploads\/2024\/04\/Imagen-de-WhatsApp-2024-04-23-a-las-12.11.38_c3d8ff85-768x768.jpg 768w\" sizes=\"auto, (max-width: 1280px) 100vw, 1280px\" \/><\/p>\n<p>A pesar de la lluvia intensa, iniciamos la caminata ecol\u00f3gica desde las 7:30 am reconociendo por el camino los focos de contaminaci\u00f3n de los acu\u00edferos cercanos al casco urbano, posteriormente analizamos la vegetaci\u00f3n que se nos presentaba en el recorrido como algunos animales salvajes y de pastoreo en la zona.<\/p>\n<p><a href=\"http:\/\/iemarcotobon.edu.co\/web\/wp-content\/uploads\/2024\/04\/20240422_080157.heic\"><img decoding=\"async\" class=\"alignnone size-full wp-image-5157\" src=\"http:\/\/iemarcotobon.edu.co\/web\/wp-content\/uploads\/2024\/04\/20240422_080157.heic\" alt=\"\" \/><img loading=\"lazy\" decoding=\"async\" class=\"alignnone wp-image-5159\" src=\"http:\/\/iemarcotobon.edu.co\/web\/wp-content\/uploads\/2024\/04\/20240422_080157-scaled.jpg\" alt=\"\" width=\"491\" height=\"276\" srcset=\"http:\/\/iemarcotobon.edu.co\/web\/wp-content\/uploads\/2024\/04\/20240422_080157-scaled.jpg 2560w, http:\/\/iemarcotobon.edu.co\/web\/wp-content\/uploads\/2024\/04\/20240422_080157-300x169.jpg 300w, http:\/\/iemarcotobon.edu.co\/web\/wp-content\/uploads\/2024\/04\/20240422_080157-1024x576.jpg 1024w, http:\/\/iemarcotobon.edu.co\/web\/wp-content\/uploads\/2024\/04\/20240422_080157-768x432.jpg 768w, http:\/\/iemarcotobon.edu.co\/web\/wp-content\/uploads\/2024\/04\/20240422_080157-1536x864.jpg 1536w, http:\/\/iemarcotobon.edu.co\/web\/wp-content\/uploads\/2024\/04\/20240422_080157-2048x1152.jpg 2048w\" sizes=\"auto, (max-width: 491px) 100vw, 491px\" \/><img loading=\"lazy\" decoding=\"async\" class=\"alignnone wp-image-5160\" src=\"http:\/\/iemarcotobon.edu.co\/web\/wp-content\/uploads\/2024\/04\/20240422_084311-1-scaled.jpg\" alt=\"\" width=\"492\" height=\"277\" srcset=\"http:\/\/iemarcotobon.edu.co\/web\/wp-content\/uploads\/2024\/04\/20240422_084311-1-scaled.jpg 2560w, http:\/\/iemarcotobon.edu.co\/web\/wp-content\/uploads\/2024\/04\/20240422_084311-1-300x169.jpg 300w, http:\/\/iemarcotobon.edu.co\/web\/wp-content\/uploads\/2024\/04\/20240422_084311-1-1024x576.jpg 1024w, http:\/\/iemarcotobon.edu.co\/web\/wp-content\/uploads\/2024\/04\/20240422_084311-1-768x432.jpg 768w, http:\/\/iemarcotobon.edu.co\/web\/wp-content\/uploads\/2024\/04\/20240422_084311-1-1536x864.jpg 1536w, http:\/\/iemarcotobon.edu.co\/web\/wp-content\/uploads\/2024\/04\/20240422_084311-1-2048x1152.jpg 2048w\" sizes=\"auto, (max-width: 492px) 100vw, 492px\" \/><\/a><\/p>\n<p>Al llegar al punto indicado iniciamos con la siembra logrando el cometido de disponer de los 100 \u00e1rboles alrededor de la fuente de agua, posteriormente disfrutamos de un refrigerio donado por AASSA S.A (una ensalada de frutas) y quedamos con varios compromisos durante el a\u00f1o para seguir gestionando y motivando este tipo de eventos.<\/p>\n<p><img loading=\"lazy\" decoding=\"async\" class=\"alignnone size-full wp-image-5161\" src=\"http:\/\/iemarcotobon.edu.co\/web\/wp-content\/uploads\/2024\/04\/Imagen-de-WhatsApp-2024-04-23-a-las-12.11.38_8dbdfabd.jpg\" alt=\"\" width=\"1280\" height=\"1280\" srcset=\"http:\/\/iemarcotobon.edu.co\/web\/wp-content\/uploads\/2024\/04\/Imagen-de-WhatsApp-2024-04-23-a-las-12.11.38_8dbdfabd.jpg 1280w, http:\/\/iemarcotobon.edu.co\/web\/wp-content\/uploads\/2024\/04\/Imagen-de-WhatsApp-2024-04-23-a-las-12.11.38_8dbdfabd-300x300.jpg 300w, http:\/\/iemarcotobon.edu.co\/web\/wp-content\/uploads\/2024\/04\/Imagen-de-WhatsApp-2024-04-23-a-las-12.11.38_8dbdfabd-1024x1024.jpg 1024w, http:\/\/iemarcotobon.edu.co\/web\/wp-content\/uploads\/2024\/04\/Imagen-de-WhatsApp-2024-04-23-a-las-12.11.38_8dbdfabd-150x150.jpg 150w, http:\/\/iemarcotobon.edu.co\/web\/wp-content\/uploads\/2024\/04\/Imagen-de-WhatsApp-2024-04-23-a-las-12.11.38_8dbdfabd-768x768.jpg 768w\" sizes=\"auto, (max-width: 1280px) 100vw, 1280px\" \/><\/p>\n<p>Como Instituci\u00f3n Educativa estamos contentos de ser invitados a participar en estas propuestas que incentivan el uso responsable de los recursos naturales, como los afluentes h\u00eddricos del municipio que generan curiosidad en los estudiantes y en la comunidad educativa sobre las acciones que debemos realizar como seres humanos para minorar el impacto ambiental que se genera diariamente a causa del crecimiento urbano, el desarrollo econ\u00f3mico y todas estas actividades que perjudican los ecosistemas santa r\u00f3sanos.<\/p>\n<p><img loading=\"lazy\" decoding=\"async\" class=\"alignnone wp-image-5165\" src=\"http:\/\/iemarcotobon.edu.co\/web\/wp-content\/uploads\/2024\/04\/Imagen-de-WhatsApp-2024-04-23-a-las-12.11.37_6171bd70.jpg\" alt=\"\" width=\"599\" height=\"599\" srcset=\"http:\/\/iemarcotobon.edu.co\/web\/wp-content\/uploads\/2024\/04\/Imagen-de-WhatsApp-2024-04-23-a-las-12.11.37_6171bd70.jpg 1200w, http:\/\/iemarcotobon.edu.co\/web\/wp-content\/uploads\/2024\/04\/Imagen-de-WhatsApp-2024-04-23-a-las-12.11.37_6171bd70-300x300.jpg 300w, http:\/\/iemarcotobon.edu.co\/web\/wp-content\/uploads\/2024\/04\/Imagen-de-WhatsApp-2024-04-23-a-las-12.11.37_6171bd70-1024x1024.jpg 1024w, http:\/\/iemarcotobon.edu.co\/web\/wp-content\/uploads\/2024\/04\/Imagen-de-WhatsApp-2024-04-23-a-las-12.11.37_6171bd70-150x150.jpg 150w, http:\/\/iemarcotobon.edu.co\/web\/wp-content\/uploads\/2024\/04\/Imagen-de-WhatsApp-2024-04-23-a-las-12.11.37_6171bd70-768x768.jpg 768w\" sizes=\"auto, (max-width: 599px) 100vw, 599px\" \/><img loading=\"lazy\" decoding=\"async\" class=\"alignnone wp-image-5164\" src=\"http:\/\/iemarcotobon.edu.co\/web\/wp-content\/uploads\/2024\/04\/Imagen-de-WhatsApp-2024-04-23-a-las-12.21.42_e007147e.jpg\" alt=\"\" width=\"337\" height=\"599\" srcset=\"http:\/\/iemarcotobon.edu.co\/web\/wp-content\/uploads\/2024\/04\/Imagen-de-WhatsApp-2024-04-23-a-las-12.21.42_e007147e.jpg 900w, http:\/\/iemarcotobon.edu.co\/web\/wp-content\/uploads\/2024\/04\/Imagen-de-WhatsApp-2024-04-23-a-las-12.21.42_e007147e-169x300.jpg 169w, http:\/\/iemarcotobon.edu.co\/web\/wp-content\/uploads\/2024\/04\/Imagen-de-WhatsApp-2024-04-23-a-las-12.21.42_e007147e-576x1024.jpg 576w, http:\/\/iemarcotobon.edu.co\/web\/wp-content\/uploads\/2024\/04\/Imagen-de-WhatsApp-2024-04-23-a-las-12.21.42_e007147e-768x1365.jpg 768w, http:\/\/iemarcotobon.edu.co\/web\/wp-content\/uploads\/2024\/04\/Imagen-de-WhatsApp-2024-04-23-a-las-12.21.42_e007147e-864x1536.jpg 864w\" sizes=\"auto, (max-width: 337px) 100vw, 337px\" \/><\/p>\n<p style=\"text-align: center;\"><em>Siembra de 100 \u00e1rboles vereda las cruces<\/em><\/p>\n<p>Por \u00faltimo, agradecemos a las empresas p\u00fablicas de acueducto y alcantarillado AASSA S.A por el aporte t\u00e9cnico, log\u00edstico y funcional\u00a0 del proceso de potabilizaci\u00f3n del agua, al compa\u00f1ero Andr\u00e9s Ram\u00edrez funcionario de la alcald\u00eda que nos ha acompa\u00f1ado con los procesos del PRAE en lo que va del a\u00f1o, a los docentes, Luis Enrique Vel\u00e1squez de Ciencias Naturales y Sim\u00f3n Arturo \u00c1lvarez de Ciencias Sociales y al rector Yovany Alberto Londo\u00f1o Echavarr\u00eda por permitirnos seguir con las iniciativas que buscan el cuidado y mejoramiento del ambiente.<\/p>\n<p><img loading=\"lazy\" decoding=\"async\" class=\"alignnone size-full wp-image-5166\" src=\"http:\/\/iemarcotobon.edu.co\/web\/wp-content\/uploads\/2024\/04\/Imagen-de-WhatsApp-2024-04-23-a-las-12.11.38_4e771e2f.jpg\" alt=\"\" width=\"1280\" height=\"1280\" srcset=\"http:\/\/iemarcotobon.edu.co\/web\/wp-content\/uploads\/2024\/04\/Imagen-de-WhatsApp-2024-04-23-a-las-12.11.38_4e771e2f.jpg 1280w, http:\/\/iemarcotobon.edu.co\/web\/wp-content\/uploads\/2024\/04\/Imagen-de-WhatsApp-2024-04-23-a-las-12.11.38_4e771e2f-300x300.jpg 300w, http:\/\/iemarcotobon.edu.co\/web\/wp-content\/uploads\/2024\/04\/Imagen-de-WhatsApp-2024-04-23-a-las-12.11.38_4e771e2f-1024x1024.jpg 1024w, http:\/\/iemarcotobon.edu.co\/web\/wp-content\/uploads\/2024\/04\/Imagen-de-WhatsApp-2024-04-23-a-las-12.11.38_4e771e2f-150x150.jpg 150w, http:\/\/iemarcotobon.edu.co\/web\/wp-content\/uploads\/2024\/04\/Imagen-de-WhatsApp-2024-04-23-a-las-12.11.38_4e771e2f-768x768.jpg 768w\" sizes=\"auto, (max-width: 1280px) 100vw, 1280px\" \/><\/p>\n<p><strong>JORGE ISAAC VALBUENA ALVAREZ \u00a0\u00a0\u00a0\u00a0\u00a0\u00a0\u00a0\u00a0\u00a0\u00a0\u00a0\u00a0\u00a0\u00a0\u00a0\u00a0\u00a0\u00a0\u00a0\u00a0\u00a0\u00a0\u00a0\u00a0\u00a0\u00a0\u00a0\u00a0\u00a0\u00a0\u00a0\u00a0\u00a0\u00a0\u00a0\u00a0\u00a0\u00a0\u00a0\u00a0\u00a0\u00a0\u00a0<\/strong><\/p>\n<p>DOCENTE CIENCIAS NATURALES QUIMICA<\/p>\n<p>JEFE DE AREA CIENCIAS NATURALES<\/p>\n<p><a href=\"mailto:Jorge.valbuena@iemarcotobon.edu.co\">Jorge.valbuena@iemarcotobon.edu.co<\/a><\/p>\n<p>N\u00b0 310 2403304<\/p>\n","protected":false},"excerpt":{"rendered":"<p>El colectivo docente de la educaci\u00f3n media y b\u00e1sica de la IE Marco Tob\u00f3n Mej\u00eda del municipio de Santa Rosa de Osos promueve desde el a\u00f1o pasado iniciativas que generen impacto en la comunidad educativa, buscando la reflexi\u00f3n y concientizaci\u00f3n sobre la preservaci\u00f3n de la biodiversidad y los sistemas ecol\u00f3gicos del municipio. La estrategia es [&hellip;]<\/p>\n","protected":false},"author":19,"featured_media":5166,"comment_status":"closed","ping_status":"open","sticky":false,"template":"","format":"standard","meta":{"footnotes":""},"categories":[10,1,9,22,17,45],"tags":[],"class_list":["post-5150","post","type-post","status-publish","format-standard","has-post-thumbnail","hentry","category-estudiantes","category-noticias-2","category-padres-de-familia","category-proyeccion-institucional","category-proyectos-pedagogicos","category-pta"],"_links":{"self":[{"href":"http:\/\/iemarcotobon.edu.co\/web\/wp-json\/wp\/v2\/posts\/5150","targetHints":{"allow":["GET"]}}],"collection":[{"href":"http:\/\/iemarcotobon.edu.co\/web\/wp-json\/wp\/v2\/posts"}],"about":[{"href":"http:\/\/iemarcotobon.edu.co\/web\/wp-json\/wp\/v2\/types\/post"}],"author":[{"embeddable":true,"href":"http:\/\/iemarcotobon.edu.co\/web\/wp-json\/wp\/v2\/users\/19"}],"replies":[{"embeddable":true,"href":"http:\/\/iemarcotobon.edu.co\/web\/wp-json\/wp\/v2\/comments?post=5150"}],"version-history":[{"count":3,"href":"http:\/\/iemarcotobon.edu.co\/web\/wp-json\/wp\/v2\/posts\/5150\/revisions"}],"predecessor-version":[{"id":5172,"href":"http:\/\/iemarcotobon.edu.co\/web\/wp-json\/wp\/v2\/posts\/5150\/revisions\/5172"}],"wp:featuredmedia":[{"embeddable":true,"href":"http:\/\/iemarcotobon.edu.co\/web\/wp-json\/wp\/v2\/media\/5166"}],"wp:attachment":[{"href":"http:\/\/iemarcotobon.edu.co\/web\/wp-json\/wp\/v2\/media?parent=5150"}],"wp:term":[{"taxonomy":"category","embeddable":true,"href":"http:\/\/iemarcotobon.edu.co\/web\/wp-json\/wp\/v2\/categories?post=5150"},{"taxonomy":"post_tag","embeddable":true,"href":"http:\/\/iemarcotobon.edu.co\/web\/wp-json\/wp\/v2\/tags?post=5150"}],"curies":[{"name":"wp","href":"https:\/\/api.w.org\/{rel}","templated":true}]}}