{"id":5190,"date":"2024-04-29T16:14:02","date_gmt":"2024-04-29T16:14:02","guid":{"rendered":"https:\/\/iemarcotobon.edu.co\/web\/?p=5190"},"modified":"2024-04-29T16:15:04","modified_gmt":"2024-04-29T16:15:04","slug":"fiesta-del-idioma-en-nuestra-institucion-educativa","status":"publish","type":"post","link":"http:\/\/iemarcotobon.edu.co\/web\/fiesta-del-idioma-en-nuestra-institucion-educativa\/","title":{"rendered":"Fiesta del idioma en nuestra Instituci\u00f3n Educativa"},"content":{"rendered":"<h5 style=\"text-align: center\"><strong><em>El lenguaje nos ayuda a capturar el mundo, y cuanto menos lenguaje tengamos, menos mundo capturamos. <\/em><\/strong><\/h5>\n<h5 style=\"text-align: center\"><strong><em>Fernando L\u00e1zaro Carrete<\/em><\/strong><\/h5>\n<p>&nbsp;<\/p>\n<p>Desde las diferentes sedes de nuestra instituci\u00f3n educativa, los docentes, estudiantes,\u00a0 padres de familia y otros miembros de la comunidad se unieron para conmemorar el 23 de abril como d\u00eda internacional del idioma.<\/p>\n<p>Las acciones pedag\u00f3gicas desarrolladas permitieron exaltar las bondades de la lengua espa\u00f1ola, las m\u00faltiples formas de expresi\u00f3n con el lenguaje y el cuerpo: poes\u00eda, prosa, teatro, danza&#8230; en fin, acciones que favorecen el desarrollo de diversas\u00a0 habilidades comunicativas. De la misma manera, en el transcurso del mes de abril, se llevaron acabo concursos de ortograf\u00eda.<\/p>\n<p>En la sede principal, desde la propuesta de profundizaciones, los estudiantes, de los grupos B de la media, realizaron intervenci\u00f3n en aula en cada uno de los grupos de transici\u00f3n a d\u00e9cimo, as\u00ed mismo hicieron presencia en las zonas de acompa\u00f1amiento durante el descanso pedag\u00f3gico.<\/p>\n<p>Esta jornada de aprendizaje culmin\u00f3 con acto c\u00edvico, espacio donde cada uno de los grupos de grado hizo la presentaci\u00f3n de un punto cultural.<\/p>\n<p><img loading=\"lazy\" decoding=\"async\" class=\"size-medium wp-image-5191 alignleft\" src=\"http:\/\/iemarcotobon.edu.co\/web\/wp-content\/uploads\/2024\/04\/Cream-Black-Photo-Happy-Birthday-Poster-212x300.png\" alt=\"\" width=\"212\" height=\"300\" srcset=\"http:\/\/iemarcotobon.edu.co\/web\/wp-content\/uploads\/2024\/04\/Cream-Black-Photo-Happy-Birthday-Poster-212x300.png 212w, http:\/\/iemarcotobon.edu.co\/web\/wp-content\/uploads\/2024\/04\/Cream-Black-Photo-Happy-Birthday-Poster-724x1024.png 724w, http:\/\/iemarcotobon.edu.co\/web\/wp-content\/uploads\/2024\/04\/Cream-Black-Photo-Happy-Birthday-Poster-768x1086.png 768w, http:\/\/iemarcotobon.edu.co\/web\/wp-content\/uploads\/2024\/04\/Cream-Black-Photo-Happy-Birthday-Poster-1086x1536.png 1086w, http:\/\/iemarcotobon.edu.co\/web\/wp-content\/uploads\/2024\/04\/Cream-Black-Photo-Happy-Birthday-Poster-1448x2048.png 1448w, http:\/\/iemarcotobon.edu.co\/web\/wp-content\/uploads\/2024\/04\/Cream-Black-Photo-Happy-Birthday-Poster.png 1587w\" sizes=\"auto, (max-width: 212px) 100vw, 212px\" \/> <img loading=\"lazy\" decoding=\"async\" class=\"size-medium wp-image-5192 alignleft\" src=\"http:\/\/iemarcotobon.edu.co\/web\/wp-content\/uploads\/2024\/04\/Cream-Black-Photo-Happy-Birthday-Poster-1-212x300.png\" alt=\"\" width=\"212\" height=\"300\" srcset=\"http:\/\/iemarcotobon.edu.co\/web\/wp-content\/uploads\/2024\/04\/Cream-Black-Photo-Happy-Birthday-Poster-1-212x300.png 212w, http:\/\/iemarcotobon.edu.co\/web\/wp-content\/uploads\/2024\/04\/Cream-Black-Photo-Happy-Birthday-Poster-1-724x1024.png 724w, http:\/\/iemarcotobon.edu.co\/web\/wp-content\/uploads\/2024\/04\/Cream-Black-Photo-Happy-Birthday-Poster-1-768x1086.png 768w, http:\/\/iemarcotobon.edu.co\/web\/wp-content\/uploads\/2024\/04\/Cream-Black-Photo-Happy-Birthday-Poster-1-1086x1536.png 1086w, http:\/\/iemarcotobon.edu.co\/web\/wp-content\/uploads\/2024\/04\/Cream-Black-Photo-Happy-Birthday-Poster-1-1448x2048.png 1448w, http:\/\/iemarcotobon.edu.co\/web\/wp-content\/uploads\/2024\/04\/Cream-Black-Photo-Happy-Birthday-Poster-1.png 1587w\" sizes=\"auto, (max-width: 212px) 100vw, 212px\" \/><\/p>\n<p><img loading=\"lazy\" decoding=\"async\" class=\"size-medium wp-image-5193 alignleft\" src=\"http:\/\/iemarcotobon.edu.co\/web\/wp-content\/uploads\/2024\/04\/Cream-Black-Photo-Happy-Birthday-Poster-2-212x300.png\" alt=\"\" width=\"212\" height=\"300\" srcset=\"http:\/\/iemarcotobon.edu.co\/web\/wp-content\/uploads\/2024\/04\/Cream-Black-Photo-Happy-Birthday-Poster-2-212x300.png 212w, http:\/\/iemarcotobon.edu.co\/web\/wp-content\/uploads\/2024\/04\/Cream-Black-Photo-Happy-Birthday-Poster-2-724x1024.png 724w, http:\/\/iemarcotobon.edu.co\/web\/wp-content\/uploads\/2024\/04\/Cream-Black-Photo-Happy-Birthday-Poster-2-768x1086.png 768w, http:\/\/iemarcotobon.edu.co\/web\/wp-content\/uploads\/2024\/04\/Cream-Black-Photo-Happy-Birthday-Poster-2-1086x1536.png 1086w, http:\/\/iemarcotobon.edu.co\/web\/wp-content\/uploads\/2024\/04\/Cream-Black-Photo-Happy-Birthday-Poster-2-1448x2048.png 1448w, http:\/\/iemarcotobon.edu.co\/web\/wp-content\/uploads\/2024\/04\/Cream-Black-Photo-Happy-Birthday-Poster-2.png 1587w\" sizes=\"auto, (max-width: 212px) 100vw, 212px\" \/><\/p>\n","protected":false},"excerpt":{"rendered":"<p>El lenguaje nos ayuda a capturar el mundo, y cuanto menos lenguaje tengamos, menos mundo capturamos. Fernando L\u00e1zaro Carrete &nbsp; Desde las diferentes sedes de nuestra instituci\u00f3n educativa, los docentes, estudiantes,\u00a0 padres de familia y otros miembros de la comunidad se unieron para conmemorar el 23 de abril como d\u00eda internacional del idioma. Las acciones [&hellip;]<\/p>\n","protected":false},"author":6,"featured_media":0,"comment_status":"closed","ping_status":"open","sticky":false,"template":"","format":"standard","meta":{"footnotes":""},"categories":[18,1,17,15],"tags":[],"class_list":["post-5190","post","type-post","status-publish","format-standard","hentry","category-jornadas-pedagogicas","category-noticias-2","category-proyectos-pedagogicos","category-sedes"],"_links":{"self":[{"href":"http:\/\/iemarcotobon.edu.co\/web\/wp-json\/wp\/v2\/posts\/5190","targetHints":{"allow":["GET"]}}],"collection":[{"href":"http:\/\/iemarcotobon.edu.co\/web\/wp-json\/wp\/v2\/posts"}],"about":[{"href":"http:\/\/iemarcotobon.edu.co\/web\/wp-json\/wp\/v2\/types\/post"}],"author":[{"embeddable":true,"href":"http:\/\/iemarcotobon.edu.co\/web\/wp-json\/wp\/v2\/users\/6"}],"replies":[{"embeddable":true,"href":"http:\/\/iemarcotobon.edu.co\/web\/wp-json\/wp\/v2\/comments?post=5190"}],"version-history":[{"count":2,"href":"http:\/\/iemarcotobon.edu.co\/web\/wp-json\/wp\/v2\/posts\/5190\/revisions"}],"predecessor-version":[{"id":5195,"href":"http:\/\/iemarcotobon.edu.co\/web\/wp-json\/wp\/v2\/posts\/5190\/revisions\/5195"}],"wp:attachment":[{"href":"http:\/\/iemarcotobon.edu.co\/web\/wp-json\/wp\/v2\/media?parent=5190"}],"wp:term":[{"taxonomy":"category","embeddable":true,"href":"http:\/\/iemarcotobon.edu.co\/web\/wp-json\/wp\/v2\/categories?post=5190"},{"taxonomy":"post_tag","embeddable":true,"href":"http:\/\/iemarcotobon.edu.co\/web\/wp-json\/wp\/v2\/tags?post=5190"}],"curies":[{"name":"wp","href":"https:\/\/api.w.org\/{rel}","templated":true}]}}