{"id":5225,"date":"2024-05-22T16:30:25","date_gmt":"2024-05-22T16:30:25","guid":{"rendered":"https:\/\/iemarcotobon.edu.co\/web\/?p=5225"},"modified":"2024-05-22T16:30:25","modified_gmt":"2024-05-22T16:30:25","slug":"visita-paramo-de-belmira","status":"publish","type":"post","link":"http:\/\/iemarcotobon.edu.co\/web\/visita-paramo-de-belmira\/","title":{"rendered":"VISITA P\u00c1RAMO DE BELMIRA"},"content":{"rendered":"<p>La instituci\u00f3n educativa Marco Tob\u00f3n Mej\u00eda llevo a cabo la salida pedag\u00f3gica para el p\u00e1ramo de Belmira el d\u00eda 10 de mayo del 2024 como un proceso de motivaci\u00f3n, exploraci\u00f3n y desaf\u00edo para estudiantes de los grados 11A y 11C, no solo como una iniciativa en el proceso de aprendizaje de las ciencias naturales si no tambi\u00e9n como una mirada emocional y liderazgo para fortalecer la determinaci\u00f3n, resiliencia, empat\u00eda, capacidad de adaptaci\u00f3n al cambio, pasi\u00f3n y todas estas estas cualidades que permiten desarrollar aptitudes y actitudes que todo buen l\u00edder debe poseer.<\/p>\n<p>Del mismo modo, no solo apuntamos a lo psicol\u00f3gico o emocional; pues la base de una buena evoluci\u00f3n tambi\u00e9n depende de la actividad f\u00edsica, la cual, bien encaminada, se convierte en el combustible para reducir los s\u00edntomas de depresi\u00f3n y ansiedad, as\u00ed como contribuir a prevenir y gestionar enfermedades no transmisibles como las cardiovasculares, el c\u00e1ncer o la diabetes.<\/p>\n<p><img loading=\"lazy\" decoding=\"async\" class=\"alignnone  wp-image-5226\" src=\"http:\/\/iemarcotobon.edu.co\/web\/wp-content\/uploads\/2024\/05\/Imagen-de-WhatsApp-2024-05-22-a-las-07.06.09_96168e3c.jpg\" alt=\"\" width=\"457\" height=\"343\" srcset=\"http:\/\/iemarcotobon.edu.co\/web\/wp-content\/uploads\/2024\/05\/Imagen-de-WhatsApp-2024-05-22-a-las-07.06.09_96168e3c.jpg 1600w, http:\/\/iemarcotobon.edu.co\/web\/wp-content\/uploads\/2024\/05\/Imagen-de-WhatsApp-2024-05-22-a-las-07.06.09_96168e3c-300x225.jpg 300w, http:\/\/iemarcotobon.edu.co\/web\/wp-content\/uploads\/2024\/05\/Imagen-de-WhatsApp-2024-05-22-a-las-07.06.09_96168e3c-1024x768.jpg 1024w, http:\/\/iemarcotobon.edu.co\/web\/wp-content\/uploads\/2024\/05\/Imagen-de-WhatsApp-2024-05-22-a-las-07.06.09_96168e3c-768x576.jpg 768w, http:\/\/iemarcotobon.edu.co\/web\/wp-content\/uploads\/2024\/05\/Imagen-de-WhatsApp-2024-05-22-a-las-07.06.09_96168e3c-1536x1152.jpg 1536w\" sizes=\"auto, (max-width: 457px) 100vw, 457px\" \/><img loading=\"lazy\" decoding=\"async\" class=\"alignnone  wp-image-5227\" src=\"http:\/\/iemarcotobon.edu.co\/web\/wp-content\/uploads\/2024\/05\/Imagen-de-WhatsApp-2024-05-22-a-las-07.13.00_e7ba15ca.jpg\" alt=\"\" width=\"459\" height=\"344\" srcset=\"http:\/\/iemarcotobon.edu.co\/web\/wp-content\/uploads\/2024\/05\/Imagen-de-WhatsApp-2024-05-22-a-las-07.13.00_e7ba15ca.jpg 1600w, http:\/\/iemarcotobon.edu.co\/web\/wp-content\/uploads\/2024\/05\/Imagen-de-WhatsApp-2024-05-22-a-las-07.13.00_e7ba15ca-300x225.jpg 300w, http:\/\/iemarcotobon.edu.co\/web\/wp-content\/uploads\/2024\/05\/Imagen-de-WhatsApp-2024-05-22-a-las-07.13.00_e7ba15ca-1024x768.jpg 1024w, http:\/\/iemarcotobon.edu.co\/web\/wp-content\/uploads\/2024\/05\/Imagen-de-WhatsApp-2024-05-22-a-las-07.13.00_e7ba15ca-768x576.jpg 768w, http:\/\/iemarcotobon.edu.co\/web\/wp-content\/uploads\/2024\/05\/Imagen-de-WhatsApp-2024-05-22-a-las-07.13.00_e7ba15ca-1536x1152.jpg 1536w\" sizes=\"auto, (max-width: 459px) 100vw, 459px\" \/><\/p>\n<p><img loading=\"lazy\" decoding=\"async\" class=\"alignnone  wp-image-5228\" src=\"http:\/\/iemarcotobon.edu.co\/web\/wp-content\/uploads\/2024\/05\/IMG-20240522-WA0028.jpg\" alt=\"\" width=\"458\" height=\"344\" srcset=\"http:\/\/iemarcotobon.edu.co\/web\/wp-content\/uploads\/2024\/05\/IMG-20240522-WA0028.jpg 1600w, http:\/\/iemarcotobon.edu.co\/web\/wp-content\/uploads\/2024\/05\/IMG-20240522-WA0028-300x225.jpg 300w, http:\/\/iemarcotobon.edu.co\/web\/wp-content\/uploads\/2024\/05\/IMG-20240522-WA0028-1024x768.jpg 1024w, http:\/\/iemarcotobon.edu.co\/web\/wp-content\/uploads\/2024\/05\/IMG-20240522-WA0028-768x576.jpg 768w, http:\/\/iemarcotobon.edu.co\/web\/wp-content\/uploads\/2024\/05\/IMG-20240522-WA0028-1536x1152.jpg 1536w\" sizes=\"auto, (max-width: 458px) 100vw, 458px\" \/><img loading=\"lazy\" decoding=\"async\" class=\"alignnone  wp-image-5229\" src=\"http:\/\/iemarcotobon.edu.co\/web\/wp-content\/uploads\/2024\/05\/IMG-20240522-WA0027.jpg\" alt=\"\" width=\"456\" height=\"342\" srcset=\"http:\/\/iemarcotobon.edu.co\/web\/wp-content\/uploads\/2024\/05\/IMG-20240522-WA0027.jpg 1600w, http:\/\/iemarcotobon.edu.co\/web\/wp-content\/uploads\/2024\/05\/IMG-20240522-WA0027-300x225.jpg 300w, http:\/\/iemarcotobon.edu.co\/web\/wp-content\/uploads\/2024\/05\/IMG-20240522-WA0027-1024x768.jpg 1024w, http:\/\/iemarcotobon.edu.co\/web\/wp-content\/uploads\/2024\/05\/IMG-20240522-WA0027-768x576.jpg 768w, http:\/\/iemarcotobon.edu.co\/web\/wp-content\/uploads\/2024\/05\/IMG-20240522-WA0027-1536x1152.jpg 1536w\" sizes=\"auto, (max-width: 456px) 100vw, 456px\" \/><\/p>\n<p style=\"text-align: center\"><em>Riquezas naturales del p\u00e1ramo de Santa In\u00e9s<\/em><\/p>\n<p>&nbsp;<\/p>\n<p>El p\u00e1ramo de santa In\u00e9s (tambi\u00e9n llamado as\u00ed) es una fuente de almacenamiento de agua en el valle de aburra, con un \u00e1rea de 34.358.74 hect\u00e1reas, all\u00ed nacen importantes corrientes h\u00eddricas como el r\u00edo Chico que alimentan al r\u00edo Grande. Entre su flora y fauna podemos destacar frailejones, musgos, l\u00edquenes, helechos, orqu\u00eddeas, aves, insectos y ranas principalmente observables.<\/p>\n<p>El recorrido propuesto por los gu\u00edas Belmira; Fernando Alfonso G\u00f3mez, Lesly Catalina Quiceno y Carlos Andr\u00e9s P\u00e9rez fue el siguiente:<\/p>\n<ol>\n<li>Salida parque Belmira 2.530 msnm tomando camino de herradura, rastrojo hasta el bosque de roble y niebla.<\/li>\n<li>P\u00e1ramo y laguna el bebedero, toma de muestras fotogr\u00e1ficas y regreso<\/li>\n<\/ol>\n<p><img loading=\"lazy\" decoding=\"async\" class=\"alignnone  wp-image-5230\" src=\"http:\/\/iemarcotobon.edu.co\/web\/wp-content\/uploads\/2024\/05\/IMG-20240522-WA0010.jpg\" alt=\"\" width=\"461\" height=\"346\" srcset=\"http:\/\/iemarcotobon.edu.co\/web\/wp-content\/uploads\/2024\/05\/IMG-20240522-WA0010.jpg 1600w, http:\/\/iemarcotobon.edu.co\/web\/wp-content\/uploads\/2024\/05\/IMG-20240522-WA0010-300x225.jpg 300w, http:\/\/iemarcotobon.edu.co\/web\/wp-content\/uploads\/2024\/05\/IMG-20240522-WA0010-1024x768.jpg 1024w, http:\/\/iemarcotobon.edu.co\/web\/wp-content\/uploads\/2024\/05\/IMG-20240522-WA0010-768x576.jpg 768w, http:\/\/iemarcotobon.edu.co\/web\/wp-content\/uploads\/2024\/05\/IMG-20240522-WA0010-1536x1152.jpg 1536w\" sizes=\"auto, (max-width: 461px) 100vw, 461px\" \/><img loading=\"lazy\" decoding=\"async\" class=\"alignnone  wp-image-5231\" src=\"http:\/\/iemarcotobon.edu.co\/web\/wp-content\/uploads\/2024\/05\/IMG-20240522-WA0014.jpg\" alt=\"\" width=\"460\" height=\"345\" srcset=\"http:\/\/iemarcotobon.edu.co\/web\/wp-content\/uploads\/2024\/05\/IMG-20240522-WA0014.jpg 1600w, http:\/\/iemarcotobon.edu.co\/web\/wp-content\/uploads\/2024\/05\/IMG-20240522-WA0014-300x225.jpg 300w, http:\/\/iemarcotobon.edu.co\/web\/wp-content\/uploads\/2024\/05\/IMG-20240522-WA0014-1024x768.jpg 1024w, http:\/\/iemarcotobon.edu.co\/web\/wp-content\/uploads\/2024\/05\/IMG-20240522-WA0014-768x576.jpg 768w, http:\/\/iemarcotobon.edu.co\/web\/wp-content\/uploads\/2024\/05\/IMG-20240522-WA0014-1536x1152.jpg 1536w\" sizes=\"auto, (max-width: 460px) 100vw, 460px\" \/><\/p>\n<p><img loading=\"lazy\" decoding=\"async\" class=\"alignnone  wp-image-5232\" src=\"http:\/\/iemarcotobon.edu.co\/web\/wp-content\/uploads\/2024\/05\/IMG-20240522-WA0016.jpg\" alt=\"\" width=\"324\" height=\"432\" srcset=\"http:\/\/iemarcotobon.edu.co\/web\/wp-content\/uploads\/2024\/05\/IMG-20240522-WA0016.jpg 1199w, http:\/\/iemarcotobon.edu.co\/web\/wp-content\/uploads\/2024\/05\/IMG-20240522-WA0016-225x300.jpg 225w, http:\/\/iemarcotobon.edu.co\/web\/wp-content\/uploads\/2024\/05\/IMG-20240522-WA0016-768x1024.jpg 768w, http:\/\/iemarcotobon.edu.co\/web\/wp-content\/uploads\/2024\/05\/IMG-20240522-WA0016-1152x1536.jpg 1152w\" sizes=\"auto, (max-width: 324px) 100vw, 324px\" \/><img loading=\"lazy\" decoding=\"async\" class=\"alignnone  wp-image-5235\" src=\"http:\/\/iemarcotobon.edu.co\/web\/wp-content\/uploads\/2024\/05\/Imagen-de-WhatsApp-2024-05-22-a-las-07.21.49_2929f5b6.jpg\" alt=\"\" width=\"575\" height=\"431\" srcset=\"http:\/\/iemarcotobon.edu.co\/web\/wp-content\/uploads\/2024\/05\/Imagen-de-WhatsApp-2024-05-22-a-las-07.21.49_2929f5b6.jpg 1600w, http:\/\/iemarcotobon.edu.co\/web\/wp-content\/uploads\/2024\/05\/Imagen-de-WhatsApp-2024-05-22-a-las-07.21.49_2929f5b6-300x225.jpg 300w, http:\/\/iemarcotobon.edu.co\/web\/wp-content\/uploads\/2024\/05\/Imagen-de-WhatsApp-2024-05-22-a-las-07.21.49_2929f5b6-1024x768.jpg 1024w, http:\/\/iemarcotobon.edu.co\/web\/wp-content\/uploads\/2024\/05\/Imagen-de-WhatsApp-2024-05-22-a-las-07.21.49_2929f5b6-768x576.jpg 768w, http:\/\/iemarcotobon.edu.co\/web\/wp-content\/uploads\/2024\/05\/Imagen-de-WhatsApp-2024-05-22-a-las-07.21.49_2929f5b6-1536x1152.jpg 1536w\" sizes=\"auto, (max-width: 575px) 100vw, 575px\" \/><\/p>\n<p style=\"text-align: center\"><em>Ruta hacia el p\u00e1ramo de Belmira<\/em><\/p>\n<p>&nbsp;<\/p>\n<p>En el trascurso del camino en horas de la ma\u00f1ana todo fue estupendo, con buen clima y camino transitable, poco movimiento de animales de carga o personas, en las horas de la tarde despu\u00e9s del almuerzo fuimos atrapados por una tempestad haciendo que el grupo se dividiera y muchos se atrasaran, el recorrido se finaliz\u00f3 despu\u00e9s de 8 horas de trayecto, empapados y sucios, pero con mucha alegr\u00eda del retorno a casa.<\/p>\n<p>Como conclusi\u00f3n, los estudiantes realizar\u00e1n un informe cient\u00edfico donde se evalu\u00e9 el estado actual del p\u00e1ramo, los riesgos naturales y artificiales a los que es sometido y que puedan llevar a un cambio en su biodiversidad, rasgos que diferencien este tipo habitad y su transformaci\u00f3n a causa del ecoturismo, el contexto social, pol\u00edtico, econ\u00f3mico y social de la zona. Por \u00faltimo, analizar como las actividades agr\u00edcolas y de pastoreo est\u00e1n cambiando el habitad natural de muchas especies end\u00e9micas. Se anexan fotos de las salidas.<\/p>\n<p>Finalmente, agradecemos a los gu\u00edas Belmira por el aporte t\u00e9cnico, log\u00edstico y funcional de la caminata ecol\u00f3gica, al compa\u00f1ero Andr\u00e9s Ram\u00edrez funcionario de la alcald\u00eda que nos ha acompa\u00f1ado con los procesos del PRAE en lo que va del a\u00f1o, a los docentes: Javier Duv\u00e1n Rojas de Ed. F\u00edsica y Deportes, Rafael Cecilio Navarro de Tecnolog\u00eda e Inform\u00e1tica y al rector Yovany Alberto Londo\u00f1o Echavarr\u00eda por permitirnos seguir con las iniciativas que buscan el cuidado y mejoramiento del ambiente.<\/p>\n<p><img loading=\"lazy\" decoding=\"async\" class=\"alignnone  wp-image-5233\" src=\"http:\/\/iemarcotobon.edu.co\/web\/wp-content\/uploads\/2024\/05\/IMG-20240522-WA0024.jpg\" alt=\"\" width=\"432\" height=\"324\" srcset=\"http:\/\/iemarcotobon.edu.co\/web\/wp-content\/uploads\/2024\/05\/IMG-20240522-WA0024.jpg 1600w, http:\/\/iemarcotobon.edu.co\/web\/wp-content\/uploads\/2024\/05\/IMG-20240522-WA0024-300x225.jpg 300w, http:\/\/iemarcotobon.edu.co\/web\/wp-content\/uploads\/2024\/05\/IMG-20240522-WA0024-1024x768.jpg 1024w, http:\/\/iemarcotobon.edu.co\/web\/wp-content\/uploads\/2024\/05\/IMG-20240522-WA0024-768x576.jpg 768w, http:\/\/iemarcotobon.edu.co\/web\/wp-content\/uploads\/2024\/05\/IMG-20240522-WA0024-1536x1152.jpg 1536w\" sizes=\"auto, (max-width: 432px) 100vw, 432px\" \/><img loading=\"lazy\" decoding=\"async\" class=\"alignnone  wp-image-5236\" src=\"http:\/\/iemarcotobon.edu.co\/web\/wp-content\/uploads\/2024\/05\/IMG-20240522-WA0027-1.jpg\" alt=\"\" width=\"431\" height=\"323\" srcset=\"http:\/\/iemarcotobon.edu.co\/web\/wp-content\/uploads\/2024\/05\/IMG-20240522-WA0027-1.jpg 1600w, http:\/\/iemarcotobon.edu.co\/web\/wp-content\/uploads\/2024\/05\/IMG-20240522-WA0027-1-300x225.jpg 300w, http:\/\/iemarcotobon.edu.co\/web\/wp-content\/uploads\/2024\/05\/IMG-20240522-WA0027-1-1024x768.jpg 1024w, http:\/\/iemarcotobon.edu.co\/web\/wp-content\/uploads\/2024\/05\/IMG-20240522-WA0027-1-768x576.jpg 768w, http:\/\/iemarcotobon.edu.co\/web\/wp-content\/uploads\/2024\/05\/IMG-20240522-WA0027-1-1536x1152.jpg 1536w\" sizes=\"auto, (max-width: 431px) 100vw, 431px\" \/><\/p>\n<p>Fotograf\u00eda camino a la laguna \u2013 pre. paramo<\/p>\n<p><img loading=\"lazy\" decoding=\"async\" class=\"alignnone  wp-image-5237\" src=\"http:\/\/iemarcotobon.edu.co\/web\/wp-content\/uploads\/2024\/05\/IMG-20240522-WA0007.jpg\" alt=\"\" width=\"384\" height=\"512\" srcset=\"http:\/\/iemarcotobon.edu.co\/web\/wp-content\/uploads\/2024\/05\/IMG-20240522-WA0007.jpg 1199w, http:\/\/iemarcotobon.edu.co\/web\/wp-content\/uploads\/2024\/05\/IMG-20240522-WA0007-225x300.jpg 225w, http:\/\/iemarcotobon.edu.co\/web\/wp-content\/uploads\/2024\/05\/IMG-20240522-WA0007-768x1024.jpg 768w, http:\/\/iemarcotobon.edu.co\/web\/wp-content\/uploads\/2024\/05\/IMG-20240522-WA0007-1152x1536.jpg 1152w\" sizes=\"auto, (max-width: 384px) 100vw, 384px\" \/><img loading=\"lazy\" decoding=\"async\" class=\"alignnone  wp-image-5238\" src=\"http:\/\/iemarcotobon.edu.co\/web\/wp-content\/uploads\/2024\/05\/Imagen-de-WhatsApp-2024-05-22-a-las-07.13.01_7e2d0afe.jpg\" alt=\"\" width=\"385\" height=\"513\" srcset=\"http:\/\/iemarcotobon.edu.co\/web\/wp-content\/uploads\/2024\/05\/Imagen-de-WhatsApp-2024-05-22-a-las-07.13.01_7e2d0afe.jpg 1200w, http:\/\/iemarcotobon.edu.co\/web\/wp-content\/uploads\/2024\/05\/Imagen-de-WhatsApp-2024-05-22-a-las-07.13.01_7e2d0afe-225x300.jpg 225w, http:\/\/iemarcotobon.edu.co\/web\/wp-content\/uploads\/2024\/05\/Imagen-de-WhatsApp-2024-05-22-a-las-07.13.01_7e2d0afe-768x1024.jpg 768w, http:\/\/iemarcotobon.edu.co\/web\/wp-content\/uploads\/2024\/05\/Imagen-de-WhatsApp-2024-05-22-a-las-07.13.01_7e2d0afe-1152x1536.jpg 1152w\" sizes=\"auto, (max-width: 385px) 100vw, 385px\" \/><\/p>\n<p>Fotograf\u00eda descenso del p\u00e1ramo \u2013 lluvia abundante<\/p>\n<div style=\"width: 960px;\" class=\"wp-video\"><video class=\"wp-video-shortcode\" id=\"video-5225-1\" width=\"960\" height=\"540\" preload=\"metadata\" controls=\"controls\"><source type=\"video\/mp4\" src=\"http:\/\/iemarcotobon.edu.co\/web\/wp-content\/uploads\/2024\/05\/VID-20240522-WA0002.mp4?_=1\" \/><a href=\"http:\/\/iemarcotobon.edu.co\/web\/wp-content\/uploads\/2024\/05\/VID-20240522-WA0002.mp4\">http:\/\/iemarcotobon.edu.co\/web\/wp-content\/uploads\/2024\/05\/VID-20240522-WA0002.mp4<\/a><\/video><\/div>\n<p>JORGE ISAAC VALBUENA ALVAREZ<\/p>\n<p>DOCENTE CIENCIAS NATURALES QUIMICA<\/p>\n<p><a href=\"mailto:Jorge.valbuena@iemarcotobon.edu.co\">Jorge.valbuena@iemarcotobon.edu.co<\/a><\/p>\n<p>N\u00b0 310 2403304<\/p>\n","protected":false},"excerpt":{"rendered":"<p>La instituci\u00f3n educativa Marco Tob\u00f3n Mej\u00eda llevo a cabo la salida pedag\u00f3gica para el p\u00e1ramo de Belmira el d\u00eda 10 de mayo del 2024 como un proceso de motivaci\u00f3n, exploraci\u00f3n y desaf\u00edo para estudiantes de los grados 11A y 11C, no solo como una iniciativa en el proceso de aprendizaje de las ciencias naturales si [&hellip;]<\/p>\n","protected":false},"author":19,"featured_media":5228,"comment_status":"closed","ping_status":"open","sticky":false,"template":"","format":"standard","meta":{"footnotes":""},"categories":[1],"tags":[],"class_list":["post-5225","post","type-post","status-publish","format-standard","has-post-thumbnail","hentry","category-noticias-2"],"_links":{"self":[{"href":"http:\/\/iemarcotobon.edu.co\/web\/wp-json\/wp\/v2\/posts\/5225","targetHints":{"allow":["GET"]}}],"collection":[{"href":"http:\/\/iemarcotobon.edu.co\/web\/wp-json\/wp\/v2\/posts"}],"about":[{"href":"http:\/\/iemarcotobon.edu.co\/web\/wp-json\/wp\/v2\/types\/post"}],"author":[{"embeddable":true,"href":"http:\/\/iemarcotobon.edu.co\/web\/wp-json\/wp\/v2\/users\/19"}],"replies":[{"embeddable":true,"href":"http:\/\/iemarcotobon.edu.co\/web\/wp-json\/wp\/v2\/comments?post=5225"}],"version-history":[{"count":1,"href":"http:\/\/iemarcotobon.edu.co\/web\/wp-json\/wp\/v2\/posts\/5225\/revisions"}],"predecessor-version":[{"id":5240,"href":"http:\/\/iemarcotobon.edu.co\/web\/wp-json\/wp\/v2\/posts\/5225\/revisions\/5240"}],"wp:featuredmedia":[{"embeddable":true,"href":"http:\/\/iemarcotobon.edu.co\/web\/wp-json\/wp\/v2\/media\/5228"}],"wp:attachment":[{"href":"http:\/\/iemarcotobon.edu.co\/web\/wp-json\/wp\/v2\/media?parent=5225"}],"wp:term":[{"taxonomy":"category","embeddable":true,"href":"http:\/\/iemarcotobon.edu.co\/web\/wp-json\/wp\/v2\/categories?post=5225"},{"taxonomy":"post_tag","embeddable":true,"href":"http:\/\/iemarcotobon.edu.co\/web\/wp-json\/wp\/v2\/tags?post=5225"}],"curies":[{"name":"wp","href":"https:\/\/api.w.org\/{rel}","templated":true}]}}