{"id":5242,"date":"2024-05-27T14:43:34","date_gmt":"2024-05-27T14:43:34","guid":{"rendered":"https:\/\/iemarcotobon.edu.co\/web\/?p=5242"},"modified":"2024-05-27T14:43:34","modified_gmt":"2024-05-27T14:43:34","slug":"mejorando-mi-cultura-con-el-arte-la-literatura-y-la-formacion-en-valores-tercer-microcentro-del-ano","status":"publish","type":"post","link":"http:\/\/iemarcotobon.edu.co\/web\/mejorando-mi-cultura-con-el-arte-la-literatura-y-la-formacion-en-valores-tercer-microcentro-del-ano\/","title":{"rendered":"Mejorando mi cultura con el arte, la literatura y la formaci\u00f3n en valores. Tercer microcentro del a\u00f1o."},"content":{"rendered":"<p>Con presencia de la totalidad de maestros de las sedes La Mu\u00f1oz, Alto de la Mina y La Planta, se desarroll\u00f3 el tercer microcentro en la ruta de autoformaci\u00f3n para el a\u00f1o 2024. En el espacio hubo presencia de directivos docentes y docente orientador.<\/p>\n<p>Esta vez, se tuvo la oportunidad de abordar un trabajo propio del momento \u00abcaja de sorpresas\u00bb en la l\u00ednea de humanidades, desde la formaci\u00f3n y el fortalecimiento en valores. El equipo de docentes de la sede Alto de la Mina, mostraron la propuesta que se tiene desde la iniciativa \u00bb semana de la disciplina\u00bb, misma que se lleva a cabo de manera semanal-rotativa\u00a0 y en cabeza de una docente. La docente encargada de la semana de la disciplina elabora el material para que, en cada primer d\u00eda de la semana, se haga encuentro diferencial en cada uno de los grupos. La propuesta de este a\u00f1o se ha enriquecido al abordar cuentos con moraleja, propuesta con la cual se est\u00e1 haciendo articulaci\u00f3n al proyecto de comunicaci\u00f3n y convivencia. Se hace hincapi\u00e9 en el hecho de que la propuesta se desarrolla desde tiempo atr\u00e1s, es por eso que se ha tenido la oportunidad de abordar, en el aspecto literario: canciones colombianas, literatura infantil, canciones infantiles, entre otras.<\/p>\n<p>Agradecemos la iniciativa a las docentes de la sede, pues el material pedag\u00f3gico que se comparte nutre los espacios de direcci\u00f3n de grupo en la b\u00e1sica primaria de la sede principal. El espacio tambi\u00e9n fue la oportunidad para conmemorar y agradecer a la vida la presencia de nuestros compa\u00f1eros, mismos que cumplieron a\u00f1os durante el primer semestre.<\/p>\n<p><img loading=\"lazy\" decoding=\"async\" class=\"size-medium wp-image-5247 alignleft\" src=\"http:\/\/iemarcotobon.edu.co\/web\/wp-content\/uploads\/2024\/05\/WhatsApp-Image-2024-05-22-at-5.15.01-PM-300x169.jpeg\" alt=\"\" width=\"300\" height=\"169\" srcset=\"http:\/\/iemarcotobon.edu.co\/web\/wp-content\/uploads\/2024\/05\/WhatsApp-Image-2024-05-22-at-5.15.01-PM-300x169.jpeg 300w, http:\/\/iemarcotobon.edu.co\/web\/wp-content\/uploads\/2024\/05\/WhatsApp-Image-2024-05-22-at-5.15.01-PM-1024x577.jpeg 1024w, http:\/\/iemarcotobon.edu.co\/web\/wp-content\/uploads\/2024\/05\/WhatsApp-Image-2024-05-22-at-5.15.01-PM-768x433.jpeg 768w, http:\/\/iemarcotobon.edu.co\/web\/wp-content\/uploads\/2024\/05\/WhatsApp-Image-2024-05-22-at-5.15.01-PM-1536x866.jpeg 1536w, http:\/\/iemarcotobon.edu.co\/web\/wp-content\/uploads\/2024\/05\/WhatsApp-Image-2024-05-22-at-5.15.01-PM.jpeg 1600w\" sizes=\"auto, (max-width: 300px) 100vw, 300px\" \/> <img loading=\"lazy\" decoding=\"async\" class=\"size-medium wp-image-5248 alignleft\" src=\"http:\/\/iemarcotobon.edu.co\/web\/wp-content\/uploads\/2024\/05\/WhatsApp-Image-2024-05-22-at-5.14.19-PM-300x169.jpeg\" alt=\"\" width=\"300\" height=\"169\" srcset=\"http:\/\/iemarcotobon.edu.co\/web\/wp-content\/uploads\/2024\/05\/WhatsApp-Image-2024-05-22-at-5.14.19-PM-300x169.jpeg 300w, http:\/\/iemarcotobon.edu.co\/web\/wp-content\/uploads\/2024\/05\/WhatsApp-Image-2024-05-22-at-5.14.19-PM-1024x577.jpeg 1024w, http:\/\/iemarcotobon.edu.co\/web\/wp-content\/uploads\/2024\/05\/WhatsApp-Image-2024-05-22-at-5.14.19-PM-768x433.jpeg 768w, http:\/\/iemarcotobon.edu.co\/web\/wp-content\/uploads\/2024\/05\/WhatsApp-Image-2024-05-22-at-5.14.19-PM-1536x866.jpeg 1536w, http:\/\/iemarcotobon.edu.co\/web\/wp-content\/uploads\/2024\/05\/WhatsApp-Image-2024-05-22-at-5.14.19-PM.jpeg 1600w\" sizes=\"auto, (max-width: 300px) 100vw, 300px\" \/> <img loading=\"lazy\" decoding=\"async\" class=\"size-medium wp-image-5250 alignleft\" src=\"http:\/\/iemarcotobon.edu.co\/web\/wp-content\/uploads\/2024\/05\/WhatsApp-Image-2024-05-22-at-5.14.11-PM-300x169.jpeg\" alt=\"\" width=\"300\" height=\"169\" srcset=\"http:\/\/iemarcotobon.edu.co\/web\/wp-content\/uploads\/2024\/05\/WhatsApp-Image-2024-05-22-at-5.14.11-PM-300x169.jpeg 300w, http:\/\/iemarcotobon.edu.co\/web\/wp-content\/uploads\/2024\/05\/WhatsApp-Image-2024-05-22-at-5.14.11-PM-1024x577.jpeg 1024w, http:\/\/iemarcotobon.edu.co\/web\/wp-content\/uploads\/2024\/05\/WhatsApp-Image-2024-05-22-at-5.14.11-PM-768x433.jpeg 768w, http:\/\/iemarcotobon.edu.co\/web\/wp-content\/uploads\/2024\/05\/WhatsApp-Image-2024-05-22-at-5.14.11-PM-1536x866.jpeg 1536w, http:\/\/iemarcotobon.edu.co\/web\/wp-content\/uploads\/2024\/05\/WhatsApp-Image-2024-05-22-at-5.14.11-PM.jpeg 1600w\" sizes=\"auto, (max-width: 300px) 100vw, 300px\" \/> <img loading=\"lazy\" decoding=\"async\" class=\"size-medium wp-image-5245 alignleft\" src=\"http:\/\/iemarcotobon.edu.co\/web\/wp-content\/uploads\/2024\/05\/WhatsApp-Image-2024-05-27-at-8.49.16-AM-300x246.jpeg\" alt=\"\" width=\"300\" height=\"246\" srcset=\"http:\/\/iemarcotobon.edu.co\/web\/wp-content\/uploads\/2024\/05\/WhatsApp-Image-2024-05-27-at-8.49.16-AM-300x246.jpeg 300w, http:\/\/iemarcotobon.edu.co\/web\/wp-content\/uploads\/2024\/05\/WhatsApp-Image-2024-05-27-at-8.49.16-AM-1024x840.jpeg 1024w, http:\/\/iemarcotobon.edu.co\/web\/wp-content\/uploads\/2024\/05\/WhatsApp-Image-2024-05-27-at-8.49.16-AM-768x630.jpeg 768w, http:\/\/iemarcotobon.edu.co\/web\/wp-content\/uploads\/2024\/05\/WhatsApp-Image-2024-05-27-at-8.49.16-AM.jpeg 1280w\" sizes=\"auto, (max-width: 300px) 100vw, 300px\" \/><img loading=\"lazy\" decoding=\"async\" class=\"size-medium wp-image-5251 alignnone\" src=\"http:\/\/iemarcotobon.edu.co\/web\/wp-content\/uploads\/2024\/05\/WhatsApp-Image-2024-05-22-at-12.58.08-PM-300x225.jpeg\" alt=\"\" width=\"300\" height=\"225\" srcset=\"http:\/\/iemarcotobon.edu.co\/web\/wp-content\/uploads\/2024\/05\/WhatsApp-Image-2024-05-22-at-12.58.08-PM-300x225.jpeg 300w, http:\/\/iemarcotobon.edu.co\/web\/wp-content\/uploads\/2024\/05\/WhatsApp-Image-2024-05-22-at-12.58.08-PM-1024x768.jpeg 1024w, http:\/\/iemarcotobon.edu.co\/web\/wp-content\/uploads\/2024\/05\/WhatsApp-Image-2024-05-22-at-12.58.08-PM-768x576.jpeg 768w, http:\/\/iemarcotobon.edu.co\/web\/wp-content\/uploads\/2024\/05\/WhatsApp-Image-2024-05-22-at-12.58.08-PM-1536x1152.jpeg 1536w, http:\/\/iemarcotobon.edu.co\/web\/wp-content\/uploads\/2024\/05\/WhatsApp-Image-2024-05-22-at-12.58.08-PM.jpeg 1600w\" sizes=\"auto, (max-width: 300px) 100vw, 300px\" \/> \u00a0<img loading=\"lazy\" decoding=\"async\" class=\"size-medium wp-image-5252 alignleft\" src=\"http:\/\/iemarcotobon.edu.co\/web\/wp-content\/uploads\/2024\/05\/WhatsApp-Image-2024-05-22-at-12.58.01-PM-300x225.jpeg\" alt=\"\" width=\"300\" height=\"225\" srcset=\"http:\/\/iemarcotobon.edu.co\/web\/wp-content\/uploads\/2024\/05\/WhatsApp-Image-2024-05-22-at-12.58.01-PM-300x225.jpeg 300w, http:\/\/iemarcotobon.edu.co\/web\/wp-content\/uploads\/2024\/05\/WhatsApp-Image-2024-05-22-at-12.58.01-PM-1024x768.jpeg 1024w, http:\/\/iemarcotobon.edu.co\/web\/wp-content\/uploads\/2024\/05\/WhatsApp-Image-2024-05-22-at-12.58.01-PM-768x576.jpeg 768w, http:\/\/iemarcotobon.edu.co\/web\/wp-content\/uploads\/2024\/05\/WhatsApp-Image-2024-05-22-at-12.58.01-PM-1536x1152.jpeg 1536w, http:\/\/iemarcotobon.edu.co\/web\/wp-content\/uploads\/2024\/05\/WhatsApp-Image-2024-05-22-at-12.58.01-PM.jpeg 1600w\" sizes=\"auto, (max-width: 300px) 100vw, 300px\" \/><\/p>\n<p><img loading=\"lazy\" decoding=\"async\" class=\"size-medium wp-image-5244 alignleft\" src=\"http:\/\/iemarcotobon.edu.co\/web\/wp-content\/uploads\/2024\/05\/WhatsApp-Image-2024-05-27-at-8.49.19-AM-225x300.jpeg\" alt=\"\" width=\"225\" height=\"300\" srcset=\"http:\/\/iemarcotobon.edu.co\/web\/wp-content\/uploads\/2024\/05\/WhatsApp-Image-2024-05-27-at-8.49.19-AM-225x300.jpeg 225w, http:\/\/iemarcotobon.edu.co\/web\/wp-content\/uploads\/2024\/05\/WhatsApp-Image-2024-05-27-at-8.49.19-AM-768x1024.jpeg 768w, http:\/\/iemarcotobon.edu.co\/web\/wp-content\/uploads\/2024\/05\/WhatsApp-Image-2024-05-27-at-8.49.19-AM.jpeg 960w\" sizes=\"auto, (max-width: 225px) 100vw, 225px\" \/><\/p>\n","protected":false},"excerpt":{"rendered":"<p>Con presencia de la totalidad de maestros de las sedes La Mu\u00f1oz, Alto de la Mina y La Planta, se desarroll\u00f3 el tercer microcentro en la ruta de autoformaci\u00f3n para el a\u00f1o 2024. En el espacio hubo presencia de directivos docentes y docente orientador. Esta vez, se tuvo la oportunidad de abordar un trabajo propio [&hellip;]<\/p>\n","protected":false},"author":6,"featured_media":0,"comment_status":"closed","ping_status":"open","sticky":false,"template":"","format":"standard","meta":{"footnotes":""},"categories":[1],"tags":[],"class_list":["post-5242","post","type-post","status-publish","format-standard","hentry","category-noticias-2"],"_links":{"self":[{"href":"http:\/\/iemarcotobon.edu.co\/web\/wp-json\/wp\/v2\/posts\/5242","targetHints":{"allow":["GET"]}}],"collection":[{"href":"http:\/\/iemarcotobon.edu.co\/web\/wp-json\/wp\/v2\/posts"}],"about":[{"href":"http:\/\/iemarcotobon.edu.co\/web\/wp-json\/wp\/v2\/types\/post"}],"author":[{"embeddable":true,"href":"http:\/\/iemarcotobon.edu.co\/web\/wp-json\/wp\/v2\/users\/6"}],"replies":[{"embeddable":true,"href":"http:\/\/iemarcotobon.edu.co\/web\/wp-json\/wp\/v2\/comments?post=5242"}],"version-history":[{"count":2,"href":"http:\/\/iemarcotobon.edu.co\/web\/wp-json\/wp\/v2\/posts\/5242\/revisions"}],"predecessor-version":[{"id":5253,"href":"http:\/\/iemarcotobon.edu.co\/web\/wp-json\/wp\/v2\/posts\/5242\/revisions\/5253"}],"wp:attachment":[{"href":"http:\/\/iemarcotobon.edu.co\/web\/wp-json\/wp\/v2\/media?parent=5242"}],"wp:term":[{"taxonomy":"category","embeddable":true,"href":"http:\/\/iemarcotobon.edu.co\/web\/wp-json\/wp\/v2\/categories?post=5242"},{"taxonomy":"post_tag","embeddable":true,"href":"http:\/\/iemarcotobon.edu.co\/web\/wp-json\/wp\/v2\/tags?post=5242"}],"curies":[{"name":"wp","href":"https:\/\/api.w.org\/{rel}","templated":true}]}}