{"id":5554,"date":"2025-03-22T01:42:31","date_gmt":"2025-03-22T01:42:31","guid":{"rendered":"https:\/\/iemarcotobon.edu.co\/web\/?p=5554"},"modified":"2025-03-22T01:43:31","modified_gmt":"2025-03-22T01:43:31","slug":"5554-2","status":"publish","type":"post","link":"http:\/\/iemarcotobon.edu.co\/web\/5554-2\/","title":{"rendered":"Rechazamos todo acto de violencia"},"content":{"rendered":"<p>En se\u00f1al de rechazo por los hechos violentos que acabaron con la vida del estudiante de grado d\u00e9cimo Emmanuel Stiven Garc\u00eda Medina, el pasado 19 de marzo se realiz\u00f3 una jornada de protesta y movilizaci\u00f3n pac\u00edfica a favor de vida.<\/p>\n<p>Iniciamos con un espacio de reflexi\u00f3n a interior de cada uno de los grupos, para dar paso a una marcha de silencio por las calles principales del municipio y un plant\u00f3n en el parque principal donde los estudiantes manifestaron mediante consignas su rechazo a la violencia.<\/p>\n<p>En la tarde, desde la asociaci\u00f3n de padres de familia, se program\u00f3 una velat\u00f3n a las afueras de la instituci\u00f3n, espacio en el cual participaron m\u00e1s de 200 personas para alzar la voz por la vida de los j\u00f3venes.<\/p>\n<p>Agradecemos el apoyo que desde las distintas instancias de la alcald\u00eda municipal se ha brindado y la participaci\u00f3n de la comunidad en general en esta jornada en la que nos hemos unido para honrar la vida de Emmanuel.<br \/>\n<img loading=\"lazy\" decoding=\"async\" class=\"wp-image-5555 alignnone\" src=\"http:\/\/iemarcotobon.edu.co\/web\/wp-content\/uploads\/2025\/03\/Luto-Emmanuel-300x213.png\" alt=\"\" width=\"524\" height=\"372\" srcset=\"http:\/\/iemarcotobon.edu.co\/web\/wp-content\/uploads\/2025\/03\/Luto-Emmanuel-300x213.png 300w, http:\/\/iemarcotobon.edu.co\/web\/wp-content\/uploads\/2025\/03\/Luto-Emmanuel-1024x726.png 1024w, http:\/\/iemarcotobon.edu.co\/web\/wp-content\/uploads\/2025\/03\/Luto-Emmanuel-768x545.png 768w, http:\/\/iemarcotobon.edu.co\/web\/wp-content\/uploads\/2025\/03\/Luto-Emmanuel-1536x1090.png 1536w, http:\/\/iemarcotobon.edu.co\/web\/wp-content\/uploads\/2025\/03\/Luto-Emmanuel.png 1748w\" sizes=\"auto, (max-width: 524px) 100vw, 524px\" \/> <img loading=\"lazy\" decoding=\"async\" class=\"wp-image-5556 alignright\" src=\"http:\/\/iemarcotobon.edu.co\/web\/wp-content\/uploads\/2025\/03\/AGradecimiento-300x213.jpeg\" alt=\"\" width=\"520\" height=\"369\" srcset=\"http:\/\/iemarcotobon.edu.co\/web\/wp-content\/uploads\/2025\/03\/AGradecimiento-300x213.jpeg 300w, http:\/\/iemarcotobon.edu.co\/web\/wp-content\/uploads\/2025\/03\/AGradecimiento-1024x726.jpeg 1024w, http:\/\/iemarcotobon.edu.co\/web\/wp-content\/uploads\/2025\/03\/AGradecimiento-768x545.jpeg 768w, http:\/\/iemarcotobon.edu.co\/web\/wp-content\/uploads\/2025\/03\/AGradecimiento-1536x1090.jpeg 1536w, http:\/\/iemarcotobon.edu.co\/web\/wp-content\/uploads\/2025\/03\/AGradecimiento.jpeg 1600w\" sizes=\"auto, (max-width: 520px) 100vw, 520px\" \/><br \/>\n<!--more--><\/p>\n","protected":false},"excerpt":{"rendered":"<p>En se\u00f1al de rechazo por los hechos violentos que acabaron con la vida del estudiante de grado d\u00e9cimo Emmanuel Stiven Garc\u00eda Medina, el pasado 19 de marzo se realiz\u00f3 una jornada de protesta y movilizaci\u00f3n pac\u00edfica a favor de vida. Iniciamos con un espacio de reflexi\u00f3n a interior de cada uno de los grupos, para [&hellip;]<\/p>\n","protected":false},"author":4,"featured_media":0,"comment_status":"closed","ping_status":"open","sticky":false,"template":"","format":"standard","meta":{"footnotes":""},"categories":[10],"tags":[],"class_list":["post-5554","post","type-post","status-publish","format-standard","hentry","category-estudiantes"],"_links":{"self":[{"href":"http:\/\/iemarcotobon.edu.co\/web\/wp-json\/wp\/v2\/posts\/5554","targetHints":{"allow":["GET"]}}],"collection":[{"href":"http:\/\/iemarcotobon.edu.co\/web\/wp-json\/wp\/v2\/posts"}],"about":[{"href":"http:\/\/iemarcotobon.edu.co\/web\/wp-json\/wp\/v2\/types\/post"}],"author":[{"embeddable":true,"href":"http:\/\/iemarcotobon.edu.co\/web\/wp-json\/wp\/v2\/users\/4"}],"replies":[{"embeddable":true,"href":"http:\/\/iemarcotobon.edu.co\/web\/wp-json\/wp\/v2\/comments?post=5554"}],"version-history":[{"count":3,"href":"http:\/\/iemarcotobon.edu.co\/web\/wp-json\/wp\/v2\/posts\/5554\/revisions"}],"predecessor-version":[{"id":5559,"href":"http:\/\/iemarcotobon.edu.co\/web\/wp-json\/wp\/v2\/posts\/5554\/revisions\/5559"}],"wp:attachment":[{"href":"http:\/\/iemarcotobon.edu.co\/web\/wp-json\/wp\/v2\/media?parent=5554"}],"wp:term":[{"taxonomy":"category","embeddable":true,"href":"http:\/\/iemarcotobon.edu.co\/web\/wp-json\/wp\/v2\/categories?post=5554"},{"taxonomy":"post_tag","embeddable":true,"href":"http:\/\/iemarcotobon.edu.co\/web\/wp-json\/wp\/v2\/tags?post=5554"}],"curies":[{"name":"wp","href":"https:\/\/api.w.org\/{rel}","templated":true}]}}