{"id":94,"date":"2017-01-27T17:17:55","date_gmt":"2017-01-27T17:17:55","guid":{"rendered":"http:\/\/iemarcotobon.edu.co\/web\/?p=94"},"modified":"2017-02-24T00:01:35","modified_gmt":"2017-02-24T00:01:35","slug":"asamblea-general-de-padres-de-familia-de-secundaria","status":"publish","type":"post","link":"http:\/\/iemarcotobon.edu.co\/web\/asamblea-general-de-padres-de-familia-de-secundaria\/","title":{"rendered":"Invitaci\u00f3n asamblea general de Padres de Familia de Secundaria"},"content":{"rendered":"<p style=\"text-align: justify;\"><img loading=\"lazy\" decoding=\"async\" class=\"size-medium wp-image-95 alignleft\" src=\"http:\/\/iemarcotobon.edu.co\/web\/wp-content\/uploads\/2017\/01\/mom-20666_1280-300x200.jpg\" alt=\"\" width=\"300\" height=\"200\" srcset=\"http:\/\/iemarcotobon.edu.co\/web\/wp-content\/uploads\/2017\/01\/mom-20666_1280-300x200.jpg 300w, http:\/\/iemarcotobon.edu.co\/web\/wp-content\/uploads\/2017\/01\/mom-20666_1280-768x512.jpg 768w, http:\/\/iemarcotobon.edu.co\/web\/wp-content\/uploads\/2017\/01\/mom-20666_1280-1024x682.jpg 1024w, http:\/\/iemarcotobon.edu.co\/web\/wp-content\/uploads\/2017\/01\/mom-20666_1280.jpg 1280w\" sizes=\"auto, (max-width: 300px) 100vw, 300px\" \/>El pr\u00f3ximo martes a las 6:00 p.m .se realizar\u00e1 la primera Asamblea de Padres de Familia de secundaria en el teatro de la unidad cultural. En el encuentro se abordar\u00e1n aspectos generales de la din\u00e1mica institucional, manual de convivencia y sistema.institucional de evaluaci\u00f3n y PMI. Los padres de familia de grado 11 estar\u00e1n en dicha actividad en las Instalaciones de la Instituci\u00f3n, pues se abordar\u00e1n algunos aspectos muy puntuales de este grado.<\/p>\n<p>Contamos con la asistencia de todos los padres de familia de secundaria.<\/p>\n<p>Imagen de:\u00a0https:\/\/pixabay.com\/es\/mam%C3%A1-cauc%C3%A1sica-ni%C3%B1o-hija-familia-20666\/<\/p>\n","protected":false},"excerpt":{"rendered":"<p>El pr\u00f3ximo martes a las 6:00 p.m .se realizar\u00e1 la primera Asamblea de Padres de Familia de secundaria en el teatro de la unidad cultural. En el encuentro se abordar\u00e1n aspectos generales de la din\u00e1mica institucional, manual de convivencia y sistema.institucional de evaluaci\u00f3n y PMI. Los padres de familia de grado 11 estar\u00e1n en dicha [&hellip;]<\/p>\n","protected":false},"author":1,"featured_media":0,"comment_status":"closed","ping_status":"open","sticky":false,"template":"","format":"standard","meta":{"footnotes":""},"categories":[9],"tags":[],"class_list":["post-94","post","type-post","status-publish","format-standard","hentry","category-padres-de-familia"],"_links":{"self":[{"href":"http:\/\/iemarcotobon.edu.co\/web\/wp-json\/wp\/v2\/posts\/94","targetHints":{"allow":["GET"]}}],"collection":[{"href":"http:\/\/iemarcotobon.edu.co\/web\/wp-json\/wp\/v2\/posts"}],"about":[{"href":"http:\/\/iemarcotobon.edu.co\/web\/wp-json\/wp\/v2\/types\/post"}],"author":[{"embeddable":true,"href":"http:\/\/iemarcotobon.edu.co\/web\/wp-json\/wp\/v2\/users\/1"}],"replies":[{"embeddable":true,"href":"http:\/\/iemarcotobon.edu.co\/web\/wp-json\/wp\/v2\/comments?post=94"}],"version-history":[{"count":4,"href":"http:\/\/iemarcotobon.edu.co\/web\/wp-json\/wp\/v2\/posts\/94\/revisions"}],"predecessor-version":[{"id":122,"href":"http:\/\/iemarcotobon.edu.co\/web\/wp-json\/wp\/v2\/posts\/94\/revisions\/122"}],"wp:attachment":[{"href":"http:\/\/iemarcotobon.edu.co\/web\/wp-json\/wp\/v2\/media?parent=94"}],"wp:term":[{"taxonomy":"category","embeddable":true,"href":"http:\/\/iemarcotobon.edu.co\/web\/wp-json\/wp\/v2\/categories?post=94"},{"taxonomy":"post_tag","embeddable":true,"href":"http:\/\/iemarcotobon.edu.co\/web\/wp-json\/wp\/v2\/tags?post=94"}],"curies":[{"name":"wp","href":"https:\/\/api.w.org\/{rel}","templated":true}]}}