{"id":1044,"date":"2017-11-20T14:03:14","date_gmt":"2017-11-20T14:03:14","guid":{"rendered":"http:\/\/iemarcotobon.edu.co\/web\/?p=1044"},"modified":"2017-11-20T14:05:01","modified_gmt":"2017-11-20T14:05:01","slug":"celebracion-del-dia-de-papa-y-mama","status":"publish","type":"post","link":"https:\/\/iemarcotobon.edu.co\/web\/celebracion-del-dia-de-papa-y-mama\/","title":{"rendered":"Celebraci\u00f3n del d\u00eda de Pap\u00e1 y Mam\u00e1"},"content":{"rendered":"<p style=\"text-align: justify;\">El jueves 16 de noviembre a partir de las 3:00 en el Coliseo Menor se realiz\u00f3 la celebraci\u00f3n de pap\u00e1 y mam\u00e1, un momento lleno de alegr\u00eda y compartir, con expresiones culturales, rifas, etc. Muchas gracias a los m\u00e1s de 800 asistentes por aceptar la invitaci\u00f3n.<\/p>\n\n\t\t<style type=\"text\/css\">\n\t\t\t#gallery-1 {\n\t\t\t\tmargin: auto;\n\t\t\t}\n\t\t\t#gallery-1 .gallery-item {\n\t\t\t\tfloat: left;\n\t\t\t\tmargin-top: 10px;\n\t\t\t\ttext-align: center;\n\t\t\t\twidth: 25%;\n\t\t\t}\n\t\t\t#gallery-1 img {\n\t\t\t\tborder: 2px solid #cfcfcf;\n\t\t\t}\n\t\t\t#gallery-1 .gallery-caption {\n\t\t\t\tmargin-left: 0;\n\t\t\t}\n\t\t\t\/* see gallery_shortcode() in wp-includes\/media.php *\/\n\t\t<\/style>\n\t\t<div id='gallery-1' class='gallery galleryid-1044 gallery-columns-4 gallery-size-thumbnail'><dl class='gallery-item'>\n\t\t\t<dt class='gallery-icon landscape'>\n\t\t\t\t<a href='https:\/\/iemarcotobon.edu.co\/web\/celebracion-del-dia-de-papa-y-mama\/20171116_151643\/'><img loading=\"lazy\" decoding=\"async\" width=\"150\" height=\"150\" src=\"https:\/\/iemarcotobon.edu.co\/web\/wp-content\/uploads\/2017\/11\/20171116_151643-150x150.jpg\" class=\"attachment-thumbnail size-thumbnail\" alt=\"\" \/><\/a>\n\t\t\t<\/dt><\/dl><dl class='gallery-item'>\n\t\t\t<dt class='gallery-icon landscape'>\n\t\t\t\t<a href='https:\/\/iemarcotobon.edu.co\/web\/celebracion-del-dia-de-papa-y-mama\/20171116_151646\/'><img loading=\"lazy\" decoding=\"async\" width=\"150\" height=\"150\" src=\"https:\/\/iemarcotobon.edu.co\/web\/wp-content\/uploads\/2017\/11\/20171116_151646-150x150.jpg\" class=\"attachment-thumbnail size-thumbnail\" alt=\"\" \/><\/a>\n\t\t\t<\/dt><\/dl><dl class='gallery-item'>\n\t\t\t<dt class='gallery-icon landscape'>\n\t\t\t\t<a href='https:\/\/iemarcotobon.edu.co\/web\/celebracion-del-dia-de-papa-y-mama\/20171116_151702\/'><img loading=\"lazy\" decoding=\"async\" width=\"150\" height=\"150\" src=\"https:\/\/iemarcotobon.edu.co\/web\/wp-content\/uploads\/2017\/11\/20171116_151702-150x150.jpg\" class=\"attachment-thumbnail size-thumbnail\" alt=\"\" \/><\/a>\n\t\t\t<\/dt><\/dl><dl class='gallery-item'>\n\t\t\t<dt class='gallery-icon landscape'>\n\t\t\t\t<a href='https:\/\/iemarcotobon.edu.co\/web\/celebracion-del-dia-de-papa-y-mama\/20171116_151707\/'><img loading=\"lazy\" decoding=\"async\" width=\"150\" height=\"150\" src=\"https:\/\/iemarcotobon.edu.co\/web\/wp-content\/uploads\/2017\/11\/20171116_151707-150x150.jpg\" class=\"attachment-thumbnail size-thumbnail\" alt=\"\" \/><\/a>\n\t\t\t<\/dt><\/dl><br style=\"clear: both\" \/><dl class='gallery-item'>\n\t\t\t<dt class='gallery-icon landscape'>\n\t\t\t\t<a href='https:\/\/iemarcotobon.edu.co\/web\/celebracion-del-dia-de-papa-y-mama\/20171116_151722\/'><img loading=\"lazy\" decoding=\"async\" width=\"150\" height=\"150\" src=\"https:\/\/iemarcotobon.edu.co\/web\/wp-content\/uploads\/2017\/11\/20171116_151722-150x150.jpg\" class=\"attachment-thumbnail size-thumbnail\" alt=\"\" \/><\/a>\n\t\t\t<\/dt><\/dl><dl class='gallery-item'>\n\t\t\t<dt class='gallery-icon landscape'>\n\t\t\t\t<a href='https:\/\/iemarcotobon.edu.co\/web\/celebracion-del-dia-de-papa-y-mama\/20171116_151727\/'><img loading=\"lazy\" decoding=\"async\" width=\"150\" height=\"150\" src=\"https:\/\/iemarcotobon.edu.co\/web\/wp-content\/uploads\/2017\/11\/20171116_151727-150x150.jpg\" class=\"attachment-thumbnail size-thumbnail\" alt=\"\" \/><\/a>\n\t\t\t<\/dt><\/dl><dl class='gallery-item'>\n\t\t\t<dt class='gallery-icon landscape'>\n\t\t\t\t<a href='https:\/\/iemarcotobon.edu.co\/web\/celebracion-del-dia-de-papa-y-mama\/20171116_151747\/'><img loading=\"lazy\" decoding=\"async\" width=\"150\" height=\"150\" src=\"https:\/\/iemarcotobon.edu.co\/web\/wp-content\/uploads\/2017\/11\/20171116_151747-150x150.jpg\" class=\"attachment-thumbnail size-thumbnail\" alt=\"\" \/><\/a>\n\t\t\t<\/dt><\/dl><dl class='gallery-item'>\n\t\t\t<dt class='gallery-icon landscape'>\n\t\t\t\t<a href='https:\/\/iemarcotobon.edu.co\/web\/celebracion-del-dia-de-papa-y-mama\/20171116_151749\/'><img loading=\"lazy\" decoding=\"async\" width=\"150\" height=\"150\" src=\"https:\/\/iemarcotobon.edu.co\/web\/wp-content\/uploads\/2017\/11\/20171116_151749-150x150.jpg\" class=\"attachment-thumbnail size-thumbnail\" alt=\"\" \/><\/a>\n\t\t\t<\/dt><\/dl><br style=\"clear: both\" \/><dl class='gallery-item'>\n\t\t\t<dt class='gallery-icon landscape'>\n\t\t\t\t<a href='https:\/\/iemarcotobon.edu.co\/web\/celebracion-del-dia-de-papa-y-mama\/20171116_151804\/'><img loading=\"lazy\" decoding=\"async\" width=\"150\" height=\"150\" src=\"https:\/\/iemarcotobon.edu.co\/web\/wp-content\/uploads\/2017\/11\/20171116_151804-150x150.jpg\" class=\"attachment-thumbnail size-thumbnail\" alt=\"\" \/><\/a>\n\t\t\t<\/dt><\/dl><dl class='gallery-item'>\n\t\t\t<dt class='gallery-icon landscape'>\n\t\t\t\t<a href='https:\/\/iemarcotobon.edu.co\/web\/celebracion-del-dia-de-papa-y-mama\/20171116_151817\/'><img loading=\"lazy\" decoding=\"async\" width=\"150\" height=\"150\" src=\"https:\/\/iemarcotobon.edu.co\/web\/wp-content\/uploads\/2017\/11\/20171116_151817-150x150.jpg\" class=\"attachment-thumbnail size-thumbnail\" alt=\"\" \/><\/a>\n\t\t\t<\/dt><\/dl><dl class='gallery-item'>\n\t\t\t<dt class='gallery-icon landscape'>\n\t\t\t\t<a href='https:\/\/iemarcotobon.edu.co\/web\/celebracion-del-dia-de-papa-y-mama\/20171116_152008\/'><img loading=\"lazy\" decoding=\"async\" width=\"150\" height=\"150\" src=\"https:\/\/iemarcotobon.edu.co\/web\/wp-content\/uploads\/2017\/11\/20171116_152008-150x150.jpg\" class=\"attachment-thumbnail size-thumbnail\" alt=\"\" \/><\/a>\n\t\t\t<\/dt><\/dl><dl class='gallery-item'>\n\t\t\t<dt class='gallery-icon landscape'>\n\t\t\t\t<a href='https:\/\/iemarcotobon.edu.co\/web\/celebracion-del-dia-de-papa-y-mama\/20171116_152011\/'><img loading=\"lazy\" decoding=\"async\" width=\"150\" height=\"150\" src=\"https:\/\/iemarcotobon.edu.co\/web\/wp-content\/uploads\/2017\/11\/20171116_152011-150x150.jpg\" class=\"attachment-thumbnail size-thumbnail\" alt=\"\" \/><\/a>\n\t\t\t<\/dt><\/dl><br style=\"clear: both\" \/><dl class='gallery-item'>\n\t\t\t<dt class='gallery-icon landscape'>\n\t\t\t\t<a href='https:\/\/iemarcotobon.edu.co\/web\/celebracion-del-dia-de-papa-y-mama\/20171116_152800\/'><img loading=\"lazy\" decoding=\"async\" width=\"150\" height=\"150\" src=\"https:\/\/iemarcotobon.edu.co\/web\/wp-content\/uploads\/2017\/11\/20171116_152800-150x150.jpg\" class=\"attachment-thumbnail size-thumbnail\" alt=\"\" \/><\/a>\n\t\t\t<\/dt><\/dl><dl class='gallery-item'>\n\t\t\t<dt class='gallery-icon landscape'>\n\t\t\t\t<a href='https:\/\/iemarcotobon.edu.co\/web\/celebracion-del-dia-de-papa-y-mama\/20171116_152813\/'><img loading=\"lazy\" decoding=\"async\" width=\"150\" height=\"150\" src=\"https:\/\/iemarcotobon.edu.co\/web\/wp-content\/uploads\/2017\/11\/20171116_152813-150x150.jpg\" class=\"attachment-thumbnail size-thumbnail\" alt=\"\" \/><\/a>\n\t\t\t<\/dt><\/dl><dl class='gallery-item'>\n\t\t\t<dt class='gallery-icon landscape'>\n\t\t\t\t<a href='https:\/\/iemarcotobon.edu.co\/web\/celebracion-del-dia-de-papa-y-mama\/20171116_153004\/'><img loading=\"lazy\" decoding=\"async\" width=\"150\" height=\"150\" src=\"https:\/\/iemarcotobon.edu.co\/web\/wp-content\/uploads\/2017\/11\/20171116_153004-150x150.jpg\" class=\"attachment-thumbnail size-thumbnail\" alt=\"\" \/><\/a>\n\t\t\t<\/dt><\/dl><dl class='gallery-item'>\n\t\t\t<dt class='gallery-icon landscape'>\n\t\t\t\t<a href='https:\/\/iemarcotobon.edu.co\/web\/celebracion-del-dia-de-papa-y-mama\/20171116_153010\/'><img loading=\"lazy\" decoding=\"async\" width=\"150\" height=\"150\" src=\"https:\/\/iemarcotobon.edu.co\/web\/wp-content\/uploads\/2017\/11\/20171116_153010-150x150.jpg\" class=\"attachment-thumbnail size-thumbnail\" alt=\"\" \/><\/a>\n\t\t\t<\/dt><\/dl><br style=\"clear: both\" \/><dl class='gallery-item'>\n\t\t\t<dt class='gallery-icon landscape'>\n\t\t\t\t<a href='https:\/\/iemarcotobon.edu.co\/web\/celebracion-del-dia-de-papa-y-mama\/20171116_153014\/'><img loading=\"lazy\" decoding=\"async\" width=\"150\" height=\"150\" src=\"https:\/\/iemarcotobon.edu.co\/web\/wp-content\/uploads\/2017\/11\/20171116_153014-150x150.jpg\" class=\"attachment-thumbnail size-thumbnail\" alt=\"\" \/><\/a>\n\t\t\t<\/dt><\/dl><dl class='gallery-item'>\n\t\t\t<dt class='gallery-icon landscape'>\n\t\t\t\t<a href='https:\/\/iemarcotobon.edu.co\/web\/celebracion-del-dia-de-papa-y-mama\/20171116_153015\/'><img loading=\"lazy\" decoding=\"async\" width=\"150\" height=\"150\" src=\"https:\/\/iemarcotobon.edu.co\/web\/wp-content\/uploads\/2017\/11\/20171116_153015-150x150.jpg\" class=\"attachment-thumbnail size-thumbnail\" alt=\"\" \/><\/a>\n\t\t\t<\/dt><\/dl><dl class='gallery-item'>\n\t\t\t<dt class='gallery-icon landscape'>\n\t\t\t\t<a href='https:\/\/iemarcotobon.edu.co\/web\/celebracion-del-dia-de-papa-y-mama\/20171116_153352\/'><img loading=\"lazy\" decoding=\"async\" width=\"150\" height=\"150\" src=\"https:\/\/iemarcotobon.edu.co\/web\/wp-content\/uploads\/2017\/11\/20171116_153352-150x150.jpg\" class=\"attachment-thumbnail size-thumbnail\" alt=\"\" \/><\/a>\n\t\t\t<\/dt><\/dl><dl class='gallery-item'>\n\t\t\t<dt class='gallery-icon landscape'>\n\t\t\t\t<a href='https:\/\/iemarcotobon.edu.co\/web\/celebracion-del-dia-de-papa-y-mama\/20171116_153356\/'><img loading=\"lazy\" decoding=\"async\" width=\"150\" height=\"150\" src=\"https:\/\/iemarcotobon.edu.co\/web\/wp-content\/uploads\/2017\/11\/20171116_153356-150x150.jpg\" class=\"attachment-thumbnail size-thumbnail\" alt=\"\" \/><\/a>\n\t\t\t<\/dt><\/dl><br style=\"clear: both\" \/><dl class='gallery-item'>\n\t\t\t<dt class='gallery-icon landscape'>\n\t\t\t\t<a href='https:\/\/iemarcotobon.edu.co\/web\/celebracion-del-dia-de-papa-y-mama\/20171116_153359\/'><img loading=\"lazy\" decoding=\"async\" width=\"150\" height=\"150\" src=\"https:\/\/iemarcotobon.edu.co\/web\/wp-content\/uploads\/2017\/11\/20171116_153359-150x150.jpg\" class=\"attachment-thumbnail size-thumbnail\" alt=\"\" \/><\/a>\n\t\t\t<\/dt><\/dl><dl class='gallery-item'>\n\t\t\t<dt class='gallery-icon landscape'>\n\t\t\t\t<a href='https:\/\/iemarcotobon.edu.co\/web\/celebracion-del-dia-de-papa-y-mama\/20171116_154255\/'><img loading=\"lazy\" decoding=\"async\" width=\"150\" height=\"150\" src=\"https:\/\/iemarcotobon.edu.co\/web\/wp-content\/uploads\/2017\/11\/20171116_154255-150x150.jpg\" class=\"attachment-thumbnail size-thumbnail\" alt=\"\" \/><\/a>\n\t\t\t<\/dt><\/dl><dl class='gallery-item'>\n\t\t\t<dt class='gallery-icon landscape'>\n\t\t\t\t<a href='https:\/\/iemarcotobon.edu.co\/web\/celebracion-del-dia-de-papa-y-mama\/20171116_154257\/'><img loading=\"lazy\" decoding=\"async\" width=\"150\" height=\"150\" src=\"https:\/\/iemarcotobon.edu.co\/web\/wp-content\/uploads\/2017\/11\/20171116_154257-150x150.jpg\" class=\"attachment-thumbnail size-thumbnail\" alt=\"\" \/><\/a>\n\t\t\t<\/dt><\/dl><dl class='gallery-item'>\n\t\t\t<dt class='gallery-icon landscape'>\n\t\t\t\t<a href='https:\/\/iemarcotobon.edu.co\/web\/celebracion-del-dia-de-papa-y-mama\/20171116_154258\/'><img loading=\"lazy\" decoding=\"async\" width=\"150\" height=\"150\" src=\"https:\/\/iemarcotobon.edu.co\/web\/wp-content\/uploads\/2017\/11\/20171116_154258-150x150.jpg\" class=\"attachment-thumbnail size-thumbnail\" alt=\"\" \/><\/a>\n\t\t\t<\/dt><\/dl><br style=\"clear: both\" \/><dl class='gallery-item'>\n\t\t\t<dt class='gallery-icon landscape'>\n\t\t\t\t<a href='https:\/\/iemarcotobon.edu.co\/web\/celebracion-del-dia-de-papa-y-mama\/20171116_154427\/'><img loading=\"lazy\" decoding=\"async\" width=\"150\" height=\"150\" src=\"https:\/\/iemarcotobon.edu.co\/web\/wp-content\/uploads\/2017\/11\/20171116_154427-150x150.jpg\" class=\"attachment-thumbnail size-thumbnail\" alt=\"\" \/><\/a>\n\t\t\t<\/dt><\/dl><dl class='gallery-item'>\n\t\t\t<dt class='gallery-icon landscape'>\n\t\t\t\t<a href='https:\/\/iemarcotobon.edu.co\/web\/celebracion-del-dia-de-papa-y-mama\/20171116_155121\/'><img loading=\"lazy\" decoding=\"async\" width=\"150\" height=\"150\" src=\"https:\/\/iemarcotobon.edu.co\/web\/wp-content\/uploads\/2017\/11\/20171116_155121-150x150.jpg\" class=\"attachment-thumbnail size-thumbnail\" alt=\"\" \/><\/a>\n\t\t\t<\/dt><\/dl><dl class='gallery-item'>\n\t\t\t<dt class='gallery-icon landscape'>\n\t\t\t\t<a href='https:\/\/iemarcotobon.edu.co\/web\/celebracion-del-dia-de-papa-y-mama\/20171116_155127\/'><img loading=\"lazy\" decoding=\"async\" width=\"150\" height=\"150\" src=\"https:\/\/iemarcotobon.edu.co\/web\/wp-content\/uploads\/2017\/11\/20171116_155127-150x150.jpg\" class=\"attachment-thumbnail size-thumbnail\" alt=\"\" \/><\/a>\n\t\t\t<\/dt><\/dl><dl class='gallery-item'>\n\t\t\t<dt class='gallery-icon landscape'>\n\t\t\t\t<a href='https:\/\/iemarcotobon.edu.co\/web\/celebracion-del-dia-de-papa-y-mama\/20171116_155134\/'><img loading=\"lazy\" decoding=\"async\" width=\"150\" height=\"150\" src=\"https:\/\/iemarcotobon.edu.co\/web\/wp-content\/uploads\/2017\/11\/20171116_155134-150x150.jpg\" class=\"attachment-thumbnail size-thumbnail\" alt=\"\" \/><\/a>\n\t\t\t<\/dt><\/dl><br style=\"clear: both\" \/><dl class='gallery-item'>\n\t\t\t<dt class='gallery-icon landscape'>\n\t\t\t\t<a href='https:\/\/iemarcotobon.edu.co\/web\/celebracion-del-dia-de-papa-y-mama\/20171116_155136\/'><img loading=\"lazy\" decoding=\"async\" width=\"150\" height=\"150\" src=\"https:\/\/iemarcotobon.edu.co\/web\/wp-content\/uploads\/2017\/11\/20171116_155136-150x150.jpg\" class=\"attachment-thumbnail size-thumbnail\" alt=\"\" \/><\/a>\n\t\t\t<\/dt><\/dl><dl class='gallery-item'>\n\t\t\t<dt class='gallery-icon landscape'>\n\t\t\t\t<a href='https:\/\/iemarcotobon.edu.co\/web\/celebracion-del-dia-de-papa-y-mama\/20171116_155705\/'><img loading=\"lazy\" decoding=\"async\" width=\"150\" height=\"150\" src=\"https:\/\/iemarcotobon.edu.co\/web\/wp-content\/uploads\/2017\/11\/20171116_155705-150x150.jpg\" class=\"attachment-thumbnail size-thumbnail\" alt=\"\" \/><\/a>\n\t\t\t<\/dt><\/dl><dl class='gallery-item'>\n\t\t\t<dt class='gallery-icon landscape'>\n\t\t\t\t<a href='https:\/\/iemarcotobon.edu.co\/web\/celebracion-del-dia-de-papa-y-mama\/20171116_155708\/'><img loading=\"lazy\" decoding=\"async\" width=\"150\" height=\"150\" src=\"https:\/\/iemarcotobon.edu.co\/web\/wp-content\/uploads\/2017\/11\/20171116_155708-150x150.jpg\" class=\"attachment-thumbnail size-thumbnail\" alt=\"\" \/><\/a>\n\t\t\t<\/dt><\/dl><dl class='gallery-item'>\n\t\t\t<dt class='gallery-icon landscape'>\n\t\t\t\t<a href='https:\/\/iemarcotobon.edu.co\/web\/celebracion-del-dia-de-papa-y-mama\/20171116_160037\/'><img loading=\"lazy\" decoding=\"async\" width=\"150\" height=\"150\" src=\"https:\/\/iemarcotobon.edu.co\/web\/wp-content\/uploads\/2017\/11\/20171116_160037-150x150.jpg\" class=\"attachment-thumbnail size-thumbnail\" alt=\"\" \/><\/a>\n\t\t\t<\/dt><\/dl><br style=\"clear: both\" \/><dl class='gallery-item'>\n\t\t\t<dt class='gallery-icon landscape'>\n\t\t\t\t<a href='https:\/\/iemarcotobon.edu.co\/web\/celebracion-del-dia-de-papa-y-mama\/20171116_160256\/'><img loading=\"lazy\" decoding=\"async\" width=\"150\" height=\"150\" src=\"https:\/\/iemarcotobon.edu.co\/web\/wp-content\/uploads\/2017\/11\/20171116_160256-150x150.jpg\" class=\"attachment-thumbnail size-thumbnail\" alt=\"\" \/><\/a>\n\t\t\t<\/dt><\/dl><dl class='gallery-item'>\n\t\t\t<dt class='gallery-icon landscape'>\n\t\t\t\t<a href='https:\/\/iemarcotobon.edu.co\/web\/celebracion-del-dia-de-papa-y-mama\/20171116_160257\/'><img loading=\"lazy\" decoding=\"async\" width=\"150\" height=\"150\" src=\"https:\/\/iemarcotobon.edu.co\/web\/wp-content\/uploads\/2017\/11\/20171116_160257-150x150.jpg\" class=\"attachment-thumbnail size-thumbnail\" alt=\"\" \/><\/a>\n\t\t\t<\/dt><\/dl><dl class='gallery-item'>\n\t\t\t<dt class='gallery-icon landscape'>\n\t\t\t\t<a href='https:\/\/iemarcotobon.edu.co\/web\/celebracion-del-dia-de-papa-y-mama\/20171116_160259\/'><img loading=\"lazy\" decoding=\"async\" width=\"150\" height=\"150\" src=\"https:\/\/iemarcotobon.edu.co\/web\/wp-content\/uploads\/2017\/11\/20171116_160259-150x150.jpg\" class=\"attachment-thumbnail size-thumbnail\" alt=\"\" \/><\/a>\n\t\t\t<\/dt><\/dl><dl class='gallery-item'>\n\t\t\t<dt class='gallery-icon landscape'>\n\t\t\t\t<a href='https:\/\/iemarcotobon.edu.co\/web\/celebracion-del-dia-de-papa-y-mama\/20171116_160320\/'><img loading=\"lazy\" decoding=\"async\" width=\"150\" height=\"150\" src=\"https:\/\/iemarcotobon.edu.co\/web\/wp-content\/uploads\/2017\/11\/20171116_160320-150x150.jpg\" class=\"attachment-thumbnail size-thumbnail\" alt=\"\" \/><\/a>\n\t\t\t<\/dt><\/dl><br style=\"clear: both\" \/><dl class='gallery-item'>\n\t\t\t<dt class='gallery-icon landscape'>\n\t\t\t\t<a href='https:\/\/iemarcotobon.edu.co\/web\/celebracion-del-dia-de-papa-y-mama\/20171116_160322\/'><img loading=\"lazy\" decoding=\"async\" width=\"150\" height=\"150\" src=\"https:\/\/iemarcotobon.edu.co\/web\/wp-content\/uploads\/2017\/11\/20171116_160322-150x150.jpg\" class=\"attachment-thumbnail size-thumbnail\" alt=\"\" \/><\/a>\n\t\t\t<\/dt><\/dl><dl class='gallery-item'>\n\t\t\t<dt class='gallery-icon landscape'>\n\t\t\t\t<a href='https:\/\/iemarcotobon.edu.co\/web\/celebracion-del-dia-de-papa-y-mama\/20171116_160323\/'><img loading=\"lazy\" decoding=\"async\" width=\"150\" height=\"150\" src=\"https:\/\/iemarcotobon.edu.co\/web\/wp-content\/uploads\/2017\/11\/20171116_160323-150x150.jpg\" class=\"attachment-thumbnail size-thumbnail\" alt=\"\" \/><\/a>\n\t\t\t<\/dt><\/dl><dl class='gallery-item'>\n\t\t\t<dt class='gallery-icon landscape'>\n\t\t\t\t<a href='https:\/\/iemarcotobon.edu.co\/web\/celebracion-del-dia-de-papa-y-mama\/20171116_160348\/'><img loading=\"lazy\" decoding=\"async\" width=\"150\" height=\"150\" src=\"https:\/\/iemarcotobon.edu.co\/web\/wp-content\/uploads\/2017\/11\/20171116_160348-150x150.jpg\" class=\"attachment-thumbnail size-thumbnail\" alt=\"\" \/><\/a>\n\t\t\t<\/dt><\/dl><dl class='gallery-item'>\n\t\t\t<dt class='gallery-icon landscape'>\n\t\t\t\t<a href='https:\/\/iemarcotobon.edu.co\/web\/celebracion-del-dia-de-papa-y-mama\/20171116_160351\/'><img loading=\"lazy\" decoding=\"async\" width=\"150\" height=\"150\" src=\"https:\/\/iemarcotobon.edu.co\/web\/wp-content\/uploads\/2017\/11\/20171116_160351-150x150.jpg\" class=\"attachment-thumbnail size-thumbnail\" alt=\"\" \/><\/a>\n\t\t\t<\/dt><\/dl><br style=\"clear: both\" \/><dl class='gallery-item'>\n\t\t\t<dt class='gallery-icon landscape'>\n\t\t\t\t<a href='https:\/\/iemarcotobon.edu.co\/web\/celebracion-del-dia-de-papa-y-mama\/20171116_160743\/'><img loading=\"lazy\" decoding=\"async\" width=\"150\" height=\"150\" src=\"https:\/\/iemarcotobon.edu.co\/web\/wp-content\/uploads\/2017\/11\/20171116_160743-150x150.jpg\" class=\"attachment-thumbnail size-thumbnail\" alt=\"\" \/><\/a>\n\t\t\t<\/dt><\/dl><dl class='gallery-item'>\n\t\t\t<dt class='gallery-icon landscape'>\n\t\t\t\t<a href='https:\/\/iemarcotobon.edu.co\/web\/celebracion-del-dia-de-papa-y-mama\/20171116_160747\/'><img loading=\"lazy\" decoding=\"async\" width=\"150\" height=\"150\" src=\"https:\/\/iemarcotobon.edu.co\/web\/wp-content\/uploads\/2017\/11\/20171116_160747-150x150.jpg\" class=\"attachment-thumbnail size-thumbnail\" alt=\"\" \/><\/a>\n\t\t\t<\/dt><\/dl><dl class='gallery-item'>\n\t\t\t<dt class='gallery-icon landscape'>\n\t\t\t\t<a href='https:\/\/iemarcotobon.edu.co\/web\/celebracion-del-dia-de-papa-y-mama\/20171116_160750\/'><img loading=\"lazy\" decoding=\"async\" width=\"150\" height=\"150\" src=\"https:\/\/iemarcotobon.edu.co\/web\/wp-content\/uploads\/2017\/11\/20171116_160750-150x150.jpg\" class=\"attachment-thumbnail size-thumbnail\" alt=\"\" \/><\/a>\n\t\t\t<\/dt><\/dl><dl class='gallery-item'>\n\t\t\t<dt class='gallery-icon landscape'>\n\t\t\t\t<a href='https:\/\/iemarcotobon.edu.co\/web\/celebracion-del-dia-de-papa-y-mama\/20171116_160936\/'><img loading=\"lazy\" decoding=\"async\" width=\"150\" height=\"150\" src=\"https:\/\/iemarcotobon.edu.co\/web\/wp-content\/uploads\/2017\/11\/20171116_160936-150x150.jpg\" class=\"attachment-thumbnail size-thumbnail\" alt=\"\" \/><\/a>\n\t\t\t<\/dt><\/dl><br style=\"clear: both\" \/><dl class='gallery-item'>\n\t\t\t<dt class='gallery-icon landscape'>\n\t\t\t\t<a href='https:\/\/iemarcotobon.edu.co\/web\/celebracion-del-dia-de-papa-y-mama\/20171116_160939\/'><img loading=\"lazy\" decoding=\"async\" width=\"150\" height=\"150\" src=\"https:\/\/iemarcotobon.edu.co\/web\/wp-content\/uploads\/2017\/11\/20171116_160939-150x150.jpg\" class=\"attachment-thumbnail size-thumbnail\" alt=\"\" \/><\/a>\n\t\t\t<\/dt><\/dl><dl class='gallery-item'>\n\t\t\t<dt class='gallery-icon landscape'>\n\t\t\t\t<a href='https:\/\/iemarcotobon.edu.co\/web\/celebracion-del-dia-de-papa-y-mama\/20171116_161621\/'><img loading=\"lazy\" decoding=\"async\" width=\"150\" height=\"150\" src=\"https:\/\/iemarcotobon.edu.co\/web\/wp-content\/uploads\/2017\/11\/20171116_161621-150x150.jpg\" class=\"attachment-thumbnail size-thumbnail\" alt=\"\" \/><\/a>\n\t\t\t<\/dt><\/dl><dl class='gallery-item'>\n\t\t\t<dt class='gallery-icon landscape'>\n\t\t\t\t<a href='https:\/\/iemarcotobon.edu.co\/web\/celebracion-del-dia-de-papa-y-mama\/20171116_161623\/'><img loading=\"lazy\" decoding=\"async\" width=\"150\" height=\"150\" src=\"https:\/\/iemarcotobon.edu.co\/web\/wp-content\/uploads\/2017\/11\/20171116_161623-150x150.jpg\" class=\"attachment-thumbnail size-thumbnail\" alt=\"\" \/><\/a>\n\t\t\t<\/dt><\/dl><dl class='gallery-item'>\n\t\t\t<dt class='gallery-icon landscape'>\n\t\t\t\t<a href='https:\/\/iemarcotobon.edu.co\/web\/celebracion-del-dia-de-papa-y-mama\/20171116_161647\/'><img loading=\"lazy\" decoding=\"async\" width=\"150\" height=\"150\" src=\"https:\/\/iemarcotobon.edu.co\/web\/wp-content\/uploads\/2017\/11\/20171116_161647-150x150.jpg\" class=\"attachment-thumbnail size-thumbnail\" alt=\"\" \/><\/a>\n\t\t\t<\/dt><\/dl><br style=\"clear: both\" \/><dl class='gallery-item'>\n\t\t\t<dt class='gallery-icon landscape'>\n\t\t\t\t<a href='https:\/\/iemarcotobon.edu.co\/web\/celebracion-del-dia-de-papa-y-mama\/20171116_161649\/'><img loading=\"lazy\" decoding=\"async\" width=\"150\" height=\"150\" src=\"https:\/\/iemarcotobon.edu.co\/web\/wp-content\/uploads\/2017\/11\/20171116_161649-150x150.jpg\" class=\"attachment-thumbnail size-thumbnail\" alt=\"\" \/><\/a>\n\t\t\t<\/dt><\/dl><dl class='gallery-item'>\n\t\t\t<dt class='gallery-icon landscape'>\n\t\t\t\t<a href='https:\/\/iemarcotobon.edu.co\/web\/celebracion-del-dia-de-papa-y-mama\/20171116_161707\/'><img loading=\"lazy\" decoding=\"async\" width=\"150\" height=\"150\" src=\"https:\/\/iemarcotobon.edu.co\/web\/wp-content\/uploads\/2017\/11\/20171116_161707-150x150.jpg\" class=\"attachment-thumbnail size-thumbnail\" alt=\"\" \/><\/a>\n\t\t\t<\/dt><\/dl><dl class='gallery-item'>\n\t\t\t<dt class='gallery-icon landscape'>\n\t\t\t\t<a href='https:\/\/iemarcotobon.edu.co\/web\/celebracion-del-dia-de-papa-y-mama\/20171116_161709\/'><img loading=\"lazy\" decoding=\"async\" width=\"150\" height=\"150\" src=\"https:\/\/iemarcotobon.edu.co\/web\/wp-content\/uploads\/2017\/11\/20171116_161709-150x150.jpg\" class=\"attachment-thumbnail size-thumbnail\" alt=\"\" \/><\/a>\n\t\t\t<\/dt><\/dl><dl class='gallery-item'>\n\t\t\t<dt class='gallery-icon landscape'>\n\t\t\t\t<a href='https:\/\/iemarcotobon.edu.co\/web\/celebracion-del-dia-de-papa-y-mama\/20171116_161745\/'><img loading=\"lazy\" decoding=\"async\" width=\"150\" height=\"150\" src=\"https:\/\/iemarcotobon.edu.co\/web\/wp-content\/uploads\/2017\/11\/20171116_161745-150x150.jpg\" class=\"attachment-thumbnail size-thumbnail\" alt=\"\" \/><\/a>\n\t\t\t<\/dt><\/dl><br style=\"clear: both\" \/><dl class='gallery-item'>\n\t\t\t<dt class='gallery-icon landscape'>\n\t\t\t\t<a href='https:\/\/iemarcotobon.edu.co\/web\/celebracion-del-dia-de-papa-y-mama\/20171116_161746\/'><img loading=\"lazy\" decoding=\"async\" width=\"150\" height=\"150\" src=\"https:\/\/iemarcotobon.edu.co\/web\/wp-content\/uploads\/2017\/11\/20171116_161746-150x150.jpg\" class=\"attachment-thumbnail size-thumbnail\" alt=\"\" \/><\/a>\n\t\t\t<\/dt><\/dl><dl class='gallery-item'>\n\t\t\t<dt class='gallery-icon landscape'>\n\t\t\t\t<a href='https:\/\/iemarcotobon.edu.co\/web\/celebracion-del-dia-de-papa-y-mama\/20171116_161842\/'><img loading=\"lazy\" decoding=\"async\" width=\"150\" height=\"150\" src=\"https:\/\/iemarcotobon.edu.co\/web\/wp-content\/uploads\/2017\/11\/20171116_161842-150x150.jpg\" class=\"attachment-thumbnail size-thumbnail\" alt=\"\" \/><\/a>\n\t\t\t<\/dt><\/dl><dl class='gallery-item'>\n\t\t\t<dt class='gallery-icon landscape'>\n\t\t\t\t<a href='https:\/\/iemarcotobon.edu.co\/web\/celebracion-del-dia-de-papa-y-mama\/20171116_161843\/'><img loading=\"lazy\" decoding=\"async\" width=\"150\" height=\"150\" src=\"https:\/\/iemarcotobon.edu.co\/web\/wp-content\/uploads\/2017\/11\/20171116_161843-150x150.jpg\" class=\"attachment-thumbnail size-thumbnail\" alt=\"\" \/><\/a>\n\t\t\t<\/dt><\/dl><dl class='gallery-item'>\n\t\t\t<dt class='gallery-icon landscape'>\n\t\t\t\t<a href='https:\/\/iemarcotobon.edu.co\/web\/celebracion-del-dia-de-papa-y-mama\/20171116_161907\/'><img loading=\"lazy\" decoding=\"async\" width=\"150\" height=\"150\" src=\"https:\/\/iemarcotobon.edu.co\/web\/wp-content\/uploads\/2017\/11\/20171116_161907-150x150.jpg\" class=\"attachment-thumbnail size-thumbnail\" alt=\"\" \/><\/a>\n\t\t\t<\/dt><\/dl><br style=\"clear: both\" \/><dl class='gallery-item'>\n\t\t\t<dt class='gallery-icon landscape'>\n\t\t\t\t<a href='https:\/\/iemarcotobon.edu.co\/web\/celebracion-del-dia-de-papa-y-mama\/20171116_161912\/'><img loading=\"lazy\" decoding=\"async\" width=\"150\" height=\"150\" src=\"https:\/\/iemarcotobon.edu.co\/web\/wp-content\/uploads\/2017\/11\/20171116_161912-150x150.jpg\" class=\"attachment-thumbnail size-thumbnail\" alt=\"\" \/><\/a>\n\t\t\t<\/dt><\/dl><dl class='gallery-item'>\n\t\t\t<dt class='gallery-icon landscape'>\n\t\t\t\t<a href='https:\/\/iemarcotobon.edu.co\/web\/celebracion-del-dia-de-papa-y-mama\/20171116_161913\/'><img loading=\"lazy\" decoding=\"async\" width=\"150\" height=\"150\" src=\"https:\/\/iemarcotobon.edu.co\/web\/wp-content\/uploads\/2017\/11\/20171116_161913-150x150.jpg\" class=\"attachment-thumbnail size-thumbnail\" alt=\"\" \/><\/a>\n\t\t\t<\/dt><\/dl>\n\t\t\t<br style='clear: both' \/>\n\t\t<\/div>\n\n","protected":false},"excerpt":{"rendered":"<p>El jueves 16 de noviembre a partir de las 3:00 en el Coliseo Menor se realiz\u00f3 la celebraci\u00f3n de pap\u00e1 y mam\u00e1, un momento lleno de alegr\u00eda y compartir, con expresiones culturales, rifas, etc. Muchas gracias a los m\u00e1s de 800 asistentes por aceptar la invitaci\u00f3n.<\/p>\n","protected":false},"author":2,"featured_media":0,"comment_status":"closed","ping_status":"open","sticky":false,"template":"","format":"standard","meta":{"footnotes":""},"categories":[9],"tags":[],"class_list":["post-1044","post","type-post","status-publish","format-standard","hentry","category-padres-de-familia"],"_links":{"self":[{"href":"https:\/\/iemarcotobon.edu.co\/web\/wp-json\/wp\/v2\/posts\/1044","targetHints":{"allow":["GET"]}}],"collection":[{"href":"https:\/\/iemarcotobon.edu.co\/web\/wp-json\/wp\/v2\/posts"}],"about":[{"href":"https:\/\/iemarcotobon.edu.co\/web\/wp-json\/wp\/v2\/types\/post"}],"author":[{"embeddable":true,"href":"https:\/\/iemarcotobon.edu.co\/web\/wp-json\/wp\/v2\/users\/2"}],"replies":[{"embeddable":true,"href":"https:\/\/iemarcotobon.edu.co\/web\/wp-json\/wp\/v2\/comments?post=1044"}],"version-history":[{"count":3,"href":"https:\/\/iemarcotobon.edu.co\/web\/wp-json\/wp\/v2\/posts\/1044\/revisions"}],"predecessor-version":[{"id":1107,"href":"https:\/\/iemarcotobon.edu.co\/web\/wp-json\/wp\/v2\/posts\/1044\/revisions\/1107"}],"wp:attachment":[{"href":"https:\/\/iemarcotobon.edu.co\/web\/wp-json\/wp\/v2\/media?parent=1044"}],"wp:term":[{"taxonomy":"category","embeddable":true,"href":"https:\/\/iemarcotobon.edu.co\/web\/wp-json\/wp\/v2\/categories?post=1044"},{"taxonomy":"post_tag","embeddable":true,"href":"https:\/\/iemarcotobon.edu.co\/web\/wp-json\/wp\/v2\/tags?post=1044"}],"curies":[{"name":"wp","href":"https:\/\/api.w.org\/{rel}","templated":true}]}}