{"id":1770,"date":"2019-03-01T13:47:46","date_gmt":"2019-03-01T13:47:46","guid":{"rendered":"http:\/\/iemarcotobon.edu.co\/web\/?p=1770"},"modified":"2019-03-07T15:08:36","modified_gmt":"2019-03-07T15:08:36","slug":"nuevo-personero-estudiantil-2019","status":"publish","type":"post","link":"https:\/\/iemarcotobon.edu.co\/web\/nuevo-personero-estudiantil-2019\/","title":{"rendered":"Nuevo Personero Estudiantil 2019"},"content":{"rendered":"<p>El primero de marzo del a\u00f1o en curso, se celebr\u00f3 en la Instituci\u00f3n Educativa Marco Tob\u00f3n Mej\u00eda (junto con las sedes), el d\u00eda de la democracia. Se eligi\u00f3 el personero de los estudiantes 2019. En la elecci\u00f3n\u00a0participaron tres candidatos con su f\u00f3rmula:<\/p>\n<p><iframe loading=\"lazy\" title=\"Anuncio ganador personero 2019\" width=\"500\" height=\"281\" src=\"https:\/\/www.youtube.com\/embed\/HznClUvvbT8?feature=oembed\" frameborder=\"0\" allow=\"accelerometer; autoplay; clipboard-write; encrypted-media; gyroscope; picture-in-picture; web-share\" referrerpolicy=\"strict-origin-when-cross-origin\" allowfullscreen><\/iframe><\/p>\n<p><!--more--><\/p>\n<ul>\n<li>01- Mar\u00eda Jos\u00e9 Orozco y Liliana Vera<\/li>\n<li>02- Mauricio Alvarez y Alejandro Mira<\/li>\n<li>03- Manuela Piedrahita y Andrea Medina.<\/li>\n<\/ul>\n<p>Dentro de la jornada se realizaron actividades deportivas y pedag\u00f3gicas, tambi\u00e9n se recibi\u00f3 la visita del Jefe de n\u00facleo el Licenciado Ignacio Yepes y la Personera Municipal, la Doctora Natalia Gonz\u00e1lez.<\/p>\n<p>La jornada se cerr\u00f3 con el siguiente resultado:<\/p>\n<ul>\n<li>01- Mar\u00eda Jos\u00e9 Orozco y Liliana Vera: 286 votos.<\/li>\n<li>02- Mauricio Alvarez y Alejandro Mira: 695 votos.<\/li>\n<li>03- Manuela Piedrahita y Andrea Medina: 136 votos.<\/li>\n<li>Voto en blanco: 249 votos.<\/li>\n<\/ul>\n<p><iframe loading=\"lazy\" title=\"Personero 2019\" width=\"500\" height=\"281\" src=\"https:\/\/www.youtube.com\/embed\/Imsv3p55hWc?feature=oembed\" frameborder=\"0\" allow=\"accelerometer; autoplay; clipboard-write; encrypted-media; gyroscope; picture-in-picture; web-share\" referrerpolicy=\"strict-origin-when-cross-origin\" allowfullscreen><\/iframe><\/p>\n<p>Algunas fotograf\u00edas del evento:<\/p>\n\n\t\t<style type=\"text\/css\">\n\t\t\t#gallery-1 {\n\t\t\t\tmargin: auto;\n\t\t\t}\n\t\t\t#gallery-1 .gallery-item {\n\t\t\t\tfloat: left;\n\t\t\t\tmargin-top: 10px;\n\t\t\t\ttext-align: center;\n\t\t\t\twidth: 33%;\n\t\t\t}\n\t\t\t#gallery-1 img {\n\t\t\t\tborder: 2px solid #cfcfcf;\n\t\t\t}\n\t\t\t#gallery-1 .gallery-caption {\n\t\t\t\tmargin-left: 0;\n\t\t\t}\n\t\t\t\/* see gallery_shortcode() in wp-includes\/media.php *\/\n\t\t<\/style>\n\t\t<div id='gallery-1' class='gallery galleryid-1770 gallery-columns-3 gallery-size-thumbnail'><dl class='gallery-item'>\n\t\t\t<dt class='gallery-icon portrait'>\n\t\t\t\t<a href='https:\/\/iemarcotobon.edu.co\/web\/nuevo-personero-estudiantil-2019\/whatsapp-image-2019-03-05-at-10-39-39-am-1\/'><img loading=\"lazy\" decoding=\"async\" width=\"150\" height=\"150\" src=\"https:\/\/iemarcotobon.edu.co\/web\/wp-content\/uploads\/2019\/03\/WhatsApp-Image-2019-03-05-at-10.39.39-AM-1-150x150.jpeg\" class=\"attachment-thumbnail size-thumbnail\" alt=\"\" \/><\/a>\n\t\t\t<\/dt><\/dl><dl class='gallery-item'>\n\t\t\t<dt class='gallery-icon landscape'>\n\t\t\t\t<a href='https:\/\/iemarcotobon.edu.co\/web\/nuevo-personero-estudiantil-2019\/whatsapp-image-2019-03-05-at-10-39-39-am-2\/'><img loading=\"lazy\" decoding=\"async\" width=\"150\" height=\"150\" src=\"https:\/\/iemarcotobon.edu.co\/web\/wp-content\/uploads\/2019\/03\/WhatsApp-Image-2019-03-05-at-10.39.39-AM-2-150x150.jpeg\" class=\"attachment-thumbnail size-thumbnail\" alt=\"\" \/><\/a>\n\t\t\t<\/dt><\/dl><dl class='gallery-item'>\n\t\t\t<dt class='gallery-icon portrait'>\n\t\t\t\t<a href='https:\/\/iemarcotobon.edu.co\/web\/nuevo-personero-estudiantil-2019\/whatsapp-image-2019-03-05-at-10-39-39-am\/'><img loading=\"lazy\" decoding=\"async\" width=\"150\" height=\"150\" src=\"https:\/\/iemarcotobon.edu.co\/web\/wp-content\/uploads\/2019\/03\/WhatsApp-Image-2019-03-05-at-10.39.39-AM-150x150.jpeg\" class=\"attachment-thumbnail size-thumbnail\" alt=\"\" \/><\/a>\n\t\t\t<\/dt><\/dl><br style=\"clear: both\" \/><dl class='gallery-item'>\n\t\t\t<dt class='gallery-icon landscape'>\n\t\t\t\t<a href='https:\/\/iemarcotobon.edu.co\/web\/nuevo-personero-estudiantil-2019\/whatsapp-image-2019-03-05-at-10-39-40-am-1\/'><img loading=\"lazy\" decoding=\"async\" width=\"150\" height=\"150\" src=\"https:\/\/iemarcotobon.edu.co\/web\/wp-content\/uploads\/2019\/03\/WhatsApp-Image-2019-03-05-at-10.39.40-AM-1-150x150.jpeg\" class=\"attachment-thumbnail size-thumbnail\" alt=\"\" \/><\/a>\n\t\t\t<\/dt><\/dl><dl class='gallery-item'>\n\t\t\t<dt class='gallery-icon portrait'>\n\t\t\t\t<a href='https:\/\/iemarcotobon.edu.co\/web\/nuevo-personero-estudiantil-2019\/whatsapp-image-2019-03-05-at-10-39-40-am-2\/'><img loading=\"lazy\" decoding=\"async\" width=\"150\" height=\"150\" src=\"https:\/\/iemarcotobon.edu.co\/web\/wp-content\/uploads\/2019\/03\/WhatsApp-Image-2019-03-05-at-10.39.40-AM-2-150x150.jpeg\" class=\"attachment-thumbnail size-thumbnail\" alt=\"\" \/><\/a>\n\t\t\t<\/dt><\/dl><dl class='gallery-item'>\n\t\t\t<dt class='gallery-icon portrait'>\n\t\t\t\t<a href='https:\/\/iemarcotobon.edu.co\/web\/nuevo-personero-estudiantil-2019\/whatsapp-image-2019-03-05-at-10-39-40-am\/'><img loading=\"lazy\" decoding=\"async\" width=\"150\" height=\"150\" src=\"https:\/\/iemarcotobon.edu.co\/web\/wp-content\/uploads\/2019\/03\/WhatsApp-Image-2019-03-05-at-10.39.40-AM-150x150.jpeg\" class=\"attachment-thumbnail size-thumbnail\" alt=\"\" \/><\/a>\n\t\t\t<\/dt><\/dl><br style=\"clear: both\" \/><dl class='gallery-item'>\n\t\t\t<dt class='gallery-icon landscape'>\n\t\t\t\t<a href='https:\/\/iemarcotobon.edu.co\/web\/nuevo-personero-estudiantil-2019\/whatsapp-image-2019-03-05-at-10-39-41-am\/'><img loading=\"lazy\" decoding=\"async\" width=\"150\" height=\"150\" src=\"https:\/\/iemarcotobon.edu.co\/web\/wp-content\/uploads\/2019\/03\/WhatsApp-Image-2019-03-05-at-10.39.41-AM-150x150.jpeg\" class=\"attachment-thumbnail size-thumbnail\" alt=\"\" \/><\/a>\n\t\t\t<\/dt><\/dl>\n\t\t\t<br style='clear: both' \/>\n\t\t<\/div>\n\n","protected":false},"excerpt":{"rendered":"<p>El primero de marzo del a\u00f1o en curso, se celebr\u00f3 en la Instituci\u00f3n Educativa Marco Tob\u00f3n Mej\u00eda (junto con las sedes), el d\u00eda de la democracia. Se eligi\u00f3 el personero de los estudiantes 2019. En la elecci\u00f3n\u00a0participaron tres candidatos con su f\u00f3rmula:<\/p>\n","protected":false},"author":2,"featured_media":0,"comment_status":"closed","ping_status":"open","sticky":false,"template":"","format":"standard","meta":{"footnotes":""},"categories":[41],"tags":[],"class_list":["post-1770","post","type-post","status-publish","format-standard","hentry","category-elecciones-2019"],"_links":{"self":[{"href":"https:\/\/iemarcotobon.edu.co\/web\/wp-json\/wp\/v2\/posts\/1770","targetHints":{"allow":["GET"]}}],"collection":[{"href":"https:\/\/iemarcotobon.edu.co\/web\/wp-json\/wp\/v2\/posts"}],"about":[{"href":"https:\/\/iemarcotobon.edu.co\/web\/wp-json\/wp\/v2\/types\/post"}],"author":[{"embeddable":true,"href":"https:\/\/iemarcotobon.edu.co\/web\/wp-json\/wp\/v2\/users\/2"}],"replies":[{"embeddable":true,"href":"https:\/\/iemarcotobon.edu.co\/web\/wp-json\/wp\/v2\/comments?post=1770"}],"version-history":[{"count":2,"href":"https:\/\/iemarcotobon.edu.co\/web\/wp-json\/wp\/v2\/posts\/1770\/revisions"}],"predecessor-version":[{"id":1787,"href":"https:\/\/iemarcotobon.edu.co\/web\/wp-json\/wp\/v2\/posts\/1770\/revisions\/1787"}],"wp:attachment":[{"href":"https:\/\/iemarcotobon.edu.co\/web\/wp-json\/wp\/v2\/media?parent=1770"}],"wp:term":[{"taxonomy":"category","embeddable":true,"href":"https:\/\/iemarcotobon.edu.co\/web\/wp-json\/wp\/v2\/categories?post=1770"},{"taxonomy":"post_tag","embeddable":true,"href":"https:\/\/iemarcotobon.edu.co\/web\/wp-json\/wp\/v2\/tags?post=1770"}],"curies":[{"name":"wp","href":"https:\/\/api.w.org\/{rel}","templated":true}]}}