{"id":2107,"date":"2019-10-10T19:39:26","date_gmt":"2019-10-10T19:39:26","guid":{"rendered":"http:\/\/iemarcotobon.edu.co\/web\/?p=2107"},"modified":"2019-10-10T19:39:26","modified_gmt":"2019-10-10T19:39:26","slug":"celebracion-de-los-50-anos-de-la-escuela-alto-de-la-mina","status":"publish","type":"post","link":"https:\/\/iemarcotobon.edu.co\/web\/celebracion-de-los-50-anos-de-la-escuela-alto-de-la-mina\/","title":{"rendered":"Celebraci\u00f3n de los 50 a\u00f1os de la Escuela Alto de la Mina"},"content":{"rendered":"<p>El pasado 27 de septiembre se llev\u00f3 a cabo la celebraci\u00f3n de los 50 a\u00f1os de creaci\u00f3n de la escuela del Alto de la Mina en el barrio Sagrado Coraz\u00f3n.<\/p>\n<p>Este evento se inici\u00f3 con la eucarist\u00eda, posteriormente se realiz\u00f3 un acto cultural donde la primer maestra que labor\u00f3 en la escuela agradeci\u00f3 por seguir contando con las personas que han hecho parte de la historia de la instituci\u00f3n, as\u00ed mismo, se dio un agradecimiento al p\u00fablico, seguido del homenaje a las maestras difuntas.<\/p>\n<p>Se cont\u00f3 con la participaci\u00f3n de la comunidad educativa, docentes de diferentes sedes de la instituci\u00f3n y con la presencia especial de maestras que durante la existencia de la escuela han hecho parte de la formaci\u00f3n de los ni\u00f1os y j\u00f3venes de la comunidad.<\/p>\n<p>Posteriormente, se realiz\u00f3 el compartir comunitario y el brindis con la amenizaci\u00f3n musical de parte de los maestros de m\u00fasica de la Unidad Cultural Marco Tob\u00f3n Mej\u00eda, con la cual se vienen adelantando diversos proceso de formaci\u00f3n.<\/p>\n<p>Paola Henao<\/p>\n<p>Docente Sede Alto de la Mina<\/p>\n\n\t\t<style type=\"text\/css\">\n\t\t\t#gallery-1 {\n\t\t\t\tmargin: auto;\n\t\t\t}\n\t\t\t#gallery-1 .gallery-item {\n\t\t\t\tfloat: left;\n\t\t\t\tmargin-top: 10px;\n\t\t\t\ttext-align: center;\n\t\t\t\twidth: 50%;\n\t\t\t}\n\t\t\t#gallery-1 img {\n\t\t\t\tborder: 2px solid #cfcfcf;\n\t\t\t}\n\t\t\t#gallery-1 .gallery-caption {\n\t\t\t\tmargin-left: 0;\n\t\t\t}\n\t\t\t\/* see gallery_shortcode() in wp-includes\/media.php *\/\n\t\t<\/style>\n\t\t<div id='gallery-1' class='gallery galleryid-2107 gallery-columns-2 gallery-size-thumbnail'><dl class='gallery-item'>\n\t\t\t<dt class='gallery-icon landscape'>\n\t\t\t\t<a href='https:\/\/iemarcotobon.edu.co\/web\/celebracion-de-los-50-anos-de-la-escuela-alto-de-la-mina\/alto-1\/'><img loading=\"lazy\" decoding=\"async\" width=\"150\" height=\"150\" src=\"https:\/\/iemarcotobon.edu.co\/web\/wp-content\/uploads\/2019\/10\/Alto-1-150x150.jpeg\" class=\"attachment-thumbnail size-thumbnail\" alt=\"\" \/><\/a>\n\t\t\t<\/dt><\/dl><dl class='gallery-item'>\n\t\t\t<dt class='gallery-icon landscape'>\n\t\t\t\t<a href='https:\/\/iemarcotobon.edu.co\/web\/celebracion-de-los-50-anos-de-la-escuela-alto-de-la-mina\/alto-2\/'><img loading=\"lazy\" decoding=\"async\" width=\"150\" height=\"150\" src=\"https:\/\/iemarcotobon.edu.co\/web\/wp-content\/uploads\/2019\/10\/Alto-2-150x150.jpg\" class=\"attachment-thumbnail size-thumbnail\" alt=\"\" \/><\/a>\n\t\t\t<\/dt><\/dl><br style=\"clear: both\" \/><dl class='gallery-item'>\n\t\t\t<dt class='gallery-icon landscape'>\n\t\t\t\t<a href='https:\/\/iemarcotobon.edu.co\/web\/celebracion-de-los-50-anos-de-la-escuela-alto-de-la-mina\/alto-5\/'><img loading=\"lazy\" decoding=\"async\" width=\"150\" height=\"150\" src=\"https:\/\/iemarcotobon.edu.co\/web\/wp-content\/uploads\/2019\/10\/Alto-5-150x150.jpg\" class=\"attachment-thumbnail size-thumbnail\" alt=\"\" \/><\/a>\n\t\t\t<\/dt><\/dl><dl class='gallery-item'>\n\t\t\t<dt class='gallery-icon landscape'>\n\t\t\t\t<a href='https:\/\/iemarcotobon.edu.co\/web\/celebracion-de-los-50-anos-de-la-escuela-alto-de-la-mina\/alto-6\/'><img loading=\"lazy\" decoding=\"async\" width=\"150\" height=\"150\" src=\"https:\/\/iemarcotobon.edu.co\/web\/wp-content\/uploads\/2019\/10\/Alto-6-150x150.jpg\" class=\"attachment-thumbnail size-thumbnail\" alt=\"\" \/><\/a>\n\t\t\t<\/dt><\/dl><br style=\"clear: both\" \/><dl class='gallery-item'>\n\t\t\t<dt class='gallery-icon portrait'>\n\t\t\t\t<a href='https:\/\/iemarcotobon.edu.co\/web\/celebracion-de-los-50-anos-de-la-escuela-alto-de-la-mina\/alto-7\/'><img loading=\"lazy\" decoding=\"async\" width=\"150\" height=\"150\" src=\"https:\/\/iemarcotobon.edu.co\/web\/wp-content\/uploads\/2019\/10\/Alto-7-150x150.jpg\" class=\"attachment-thumbnail size-thumbnail\" alt=\"\" \/><\/a>\n\t\t\t<\/dt><\/dl><dl class='gallery-item'>\n\t\t\t<dt class='gallery-icon landscape'>\n\t\t\t\t<a href='https:\/\/iemarcotobon.edu.co\/web\/celebracion-de-los-50-anos-de-la-escuela-alto-de-la-mina\/alto-3\/'><img loading=\"lazy\" decoding=\"async\" width=\"150\" height=\"150\" src=\"https:\/\/iemarcotobon.edu.co\/web\/wp-content\/uploads\/2019\/10\/Alto-3-150x150.jpg\" class=\"attachment-thumbnail size-thumbnail\" alt=\"\" \/><\/a>\n\t\t\t<\/dt><\/dl><br style=\"clear: both\" \/><dl class='gallery-item'>\n\t\t\t<dt class='gallery-icon landscape'>\n\t\t\t\t<a href='https:\/\/iemarcotobon.edu.co\/web\/celebracion-de-los-50-anos-de-la-escuela-alto-de-la-mina\/alto-4\/'><img loading=\"lazy\" decoding=\"async\" width=\"150\" height=\"150\" src=\"https:\/\/iemarcotobon.edu.co\/web\/wp-content\/uploads\/2019\/10\/Alto-4-150x150.jpg\" class=\"attachment-thumbnail size-thumbnail\" alt=\"\" \/><\/a>\n\t\t\t<\/dt><\/dl><dl class='gallery-item'>\n\t\t\t<dt class='gallery-icon landscape'>\n\t\t\t\t<a href='https:\/\/iemarcotobon.edu.co\/web\/dia-de-la-antioquenidad\/ant-4-2\/'><img loading=\"lazy\" decoding=\"async\" width=\"150\" height=\"150\" src=\"https:\/\/iemarcotobon.edu.co\/web\/wp-content\/uploads\/2019\/10\/Ant-4-1-150x150.jpeg\" class=\"attachment-thumbnail size-thumbnail\" alt=\"\" \/><\/a>\n\t\t\t<\/dt><\/dl><br style=\"clear: both\" \/>\n\t\t<\/div>\n\n","protected":false},"excerpt":{"rendered":"<p>El pasado 27 de septiembre se llev\u00f3 a cabo la celebraci\u00f3n de los 50 a\u00f1os de creaci\u00f3n de la escuela del Alto de la Mina en el barrio Sagrado Coraz\u00f3n. Este evento se inici\u00f3 con la eucarist\u00eda, posteriormente se realiz\u00f3 un acto cultural donde la primer maestra que labor\u00f3 en la escuela agradeci\u00f3 por seguir [&hellip;]<\/p>\n","protected":false},"author":4,"featured_media":0,"comment_status":"closed","ping_status":"open","sticky":false,"template":"","format":"standard","meta":{"footnotes":""},"categories":[10,15],"tags":[],"class_list":["post-2107","post","type-post","status-publish","format-standard","hentry","category-estudiantes","category-sedes"],"_links":{"self":[{"href":"https:\/\/iemarcotobon.edu.co\/web\/wp-json\/wp\/v2\/posts\/2107","targetHints":{"allow":["GET"]}}],"collection":[{"href":"https:\/\/iemarcotobon.edu.co\/web\/wp-json\/wp\/v2\/posts"}],"about":[{"href":"https:\/\/iemarcotobon.edu.co\/web\/wp-json\/wp\/v2\/types\/post"}],"author":[{"embeddable":true,"href":"https:\/\/iemarcotobon.edu.co\/web\/wp-json\/wp\/v2\/users\/4"}],"replies":[{"embeddable":true,"href":"https:\/\/iemarcotobon.edu.co\/web\/wp-json\/wp\/v2\/comments?post=2107"}],"version-history":[{"count":1,"href":"https:\/\/iemarcotobon.edu.co\/web\/wp-json\/wp\/v2\/posts\/2107\/revisions"}],"predecessor-version":[{"id":2115,"href":"https:\/\/iemarcotobon.edu.co\/web\/wp-json\/wp\/v2\/posts\/2107\/revisions\/2115"}],"wp:attachment":[{"href":"https:\/\/iemarcotobon.edu.co\/web\/wp-json\/wp\/v2\/media?parent=2107"}],"wp:term":[{"taxonomy":"category","embeddable":true,"href":"https:\/\/iemarcotobon.edu.co\/web\/wp-json\/wp\/v2\/categories?post=2107"},{"taxonomy":"post_tag","embeddable":true,"href":"https:\/\/iemarcotobon.edu.co\/web\/wp-json\/wp\/v2\/tags?post=2107"}],"curies":[{"name":"wp","href":"https:\/\/api.w.org\/{rel}","templated":true}]}}