{"id":2213,"date":"2019-11-15T22:00:27","date_gmt":"2019-11-15T22:00:27","guid":{"rendered":"http:\/\/iemarcotobon.edu.co\/web\/?p=2213"},"modified":"2019-11-15T22:03:40","modified_gmt":"2019-11-15T22:03:40","slug":"participacion-en-el-primer-foro-de-filosofia-estudiantil","status":"publish","type":"post","link":"https:\/\/iemarcotobon.edu.co\/web\/participacion-en-el-primer-foro-de-filosofia-estudiantil\/","title":{"rendered":"Participaci\u00f3n en el primer foro de filosof\u00eda estudiantil"},"content":{"rendered":"<p>El d\u00eda 24 de octubre la instituci\u00f3n se hizo presente con estudiantes de los grados d\u00e9cimo y und\u00e9cimo en el primer foro estudiantil de Filosof\u00eda a nivel municipal, llevado a cabo en las instalaciones de la I.E. Escuela Normal Superior Pedro Justo Berrio, en donde dos estudiantes del grado once realizaron dos ponencias denominadas: \u00bfQue pasar\u00eda si Dios dejara de existir? y \u00bfDe qu\u00e9 manera se actualiza la visi\u00f3n de los sofistas en la cotidianidad?<\/p>\n<p>El foro fue planteado como un espacio para compartir ideas y estuvo acompa\u00f1ado por el docente de filosof\u00eda Juan Ferney Garc\u00eda<\/p>\n<p><img loading=\"lazy\" decoding=\"async\" class=\"alignnone wp-image-2215\" src=\"http:\/\/iemarcotobon.edu.co\/web\/wp-content\/uploads\/2019\/11\/2foro-300x225.jpeg\" alt=\"\" width=\"192\" height=\"144\" srcset=\"https:\/\/iemarcotobon.edu.co\/web\/wp-content\/uploads\/2019\/11\/2foro-300x225.jpeg 300w, https:\/\/iemarcotobon.edu.co\/web\/wp-content\/uploads\/2019\/11\/2foro-768x576.jpeg 768w, https:\/\/iemarcotobon.edu.co\/web\/wp-content\/uploads\/2019\/11\/2foro-1024x768.jpeg 1024w, https:\/\/iemarcotobon.edu.co\/web\/wp-content\/uploads\/2019\/11\/2foro.jpeg 1032w\" sizes=\"auto, (max-width: 192px) 100vw, 192px\" \/> <img loading=\"lazy\" decoding=\"async\" class=\"alignnone wp-image-2216\" src=\"http:\/\/iemarcotobon.edu.co\/web\/wp-content\/uploads\/2019\/11\/3foro-300x225.jpg\" alt=\"\" width=\"186\" height=\"140\" srcset=\"https:\/\/iemarcotobon.edu.co\/web\/wp-content\/uploads\/2019\/11\/3foro-300x225.jpg 300w, https:\/\/iemarcotobon.edu.co\/web\/wp-content\/uploads\/2019\/11\/3foro-768x576.jpg 768w, https:\/\/iemarcotobon.edu.co\/web\/wp-content\/uploads\/2019\/11\/3foro-1024x768.jpg 1024w, https:\/\/iemarcotobon.edu.co\/web\/wp-content\/uploads\/2019\/11\/3foro.jpg 1032w\" sizes=\"auto, (max-width: 186px) 100vw, 186px\" \/><\/p>\n<p><img loading=\"lazy\" decoding=\"async\" class=\"alignnone wp-image-2214\" src=\"http:\/\/iemarcotobon.edu.co\/web\/wp-content\/uploads\/2019\/11\/1foro-225x300.jpg\" alt=\"\" width=\"124\" height=\"165\" srcset=\"https:\/\/iemarcotobon.edu.co\/web\/wp-content\/uploads\/2019\/11\/1foro-225x300.jpg 225w, https:\/\/iemarcotobon.edu.co\/web\/wp-content\/uploads\/2019\/11\/1foro-768x1024.jpg 768w, https:\/\/iemarcotobon.edu.co\/web\/wp-content\/uploads\/2019\/11\/1foro.jpg 774w\" sizes=\"auto, (max-width: 124px) 100vw, 124px\" \/> <img loading=\"lazy\" decoding=\"async\" class=\"wp-image-2217 alignleft\" src=\"http:\/\/iemarcotobon.edu.co\/web\/wp-content\/uploads\/2019\/11\/4foro-225x300.jpg\" alt=\"\" width=\"121\" height=\"161\" srcset=\"https:\/\/iemarcotobon.edu.co\/web\/wp-content\/uploads\/2019\/11\/4foro-225x300.jpg 225w, https:\/\/iemarcotobon.edu.co\/web\/wp-content\/uploads\/2019\/11\/4foro-768x1024.jpg 768w, https:\/\/iemarcotobon.edu.co\/web\/wp-content\/uploads\/2019\/11\/4foro.jpg 774w\" sizes=\"auto, (max-width: 121px) 100vw, 121px\" \/><\/p>\n","protected":false},"excerpt":{"rendered":"<p>El d\u00eda 24 de octubre la instituci\u00f3n se hizo presente con estudiantes de los grados d\u00e9cimo y und\u00e9cimo en el primer foro estudiantil de Filosof\u00eda a nivel municipal, llevado a cabo en las instalaciones de la I.E. Escuela Normal Superior Pedro Justo Berrio, en donde dos estudiantes del grado once realizaron dos ponencias denominadas: \u00bfQue [&hellip;]<\/p>\n","protected":false},"author":4,"featured_media":0,"comment_status":"closed","ping_status":"open","sticky":false,"template":"","format":"standard","meta":{"footnotes":""},"categories":[10],"tags":[],"class_list":["post-2213","post","type-post","status-publish","format-standard","hentry","category-estudiantes"],"_links":{"self":[{"href":"https:\/\/iemarcotobon.edu.co\/web\/wp-json\/wp\/v2\/posts\/2213","targetHints":{"allow":["GET"]}}],"collection":[{"href":"https:\/\/iemarcotobon.edu.co\/web\/wp-json\/wp\/v2\/posts"}],"about":[{"href":"https:\/\/iemarcotobon.edu.co\/web\/wp-json\/wp\/v2\/types\/post"}],"author":[{"embeddable":true,"href":"https:\/\/iemarcotobon.edu.co\/web\/wp-json\/wp\/v2\/users\/4"}],"replies":[{"embeddable":true,"href":"https:\/\/iemarcotobon.edu.co\/web\/wp-json\/wp\/v2\/comments?post=2213"}],"version-history":[{"count":1,"href":"https:\/\/iemarcotobon.edu.co\/web\/wp-json\/wp\/v2\/posts\/2213\/revisions"}],"predecessor-version":[{"id":2218,"href":"https:\/\/iemarcotobon.edu.co\/web\/wp-json\/wp\/v2\/posts\/2213\/revisions\/2218"}],"wp:attachment":[{"href":"https:\/\/iemarcotobon.edu.co\/web\/wp-json\/wp\/v2\/media?parent=2213"}],"wp:term":[{"taxonomy":"category","embeddable":true,"href":"https:\/\/iemarcotobon.edu.co\/web\/wp-json\/wp\/v2\/categories?post=2213"},{"taxonomy":"post_tag","embeddable":true,"href":"https:\/\/iemarcotobon.edu.co\/web\/wp-json\/wp\/v2\/tags?post=2213"}],"curies":[{"name":"wp","href":"https:\/\/api.w.org\/{rel}","templated":true}]}}