{"id":3769,"date":"2022-02-16T15:34:44","date_gmt":"2022-02-16T15:34:44","guid":{"rendered":"https:\/\/iemarcotobon.edu.co\/web\/?p=3769"},"modified":"2022-02-16T15:38:56","modified_gmt":"2022-02-16T15:38:56","slug":"ciclo-apertura-ruta-pedagogica-pta-2022","status":"publish","type":"post","link":"https:\/\/iemarcotobon.edu.co\/web\/ciclo-apertura-ruta-pedagogica-pta-2022\/","title":{"rendered":"Ciclo Apertura. Ruta Pedag\u00f3gica PTA 2022"},"content":{"rendered":"<p><img loading=\"lazy\" decoding=\"async\" class=\"aligncenter size-full wp-image-3077\" src=\"http:\/\/iemarcotobon.edu.co\/web\/wp-content\/uploads\/2021\/08\/Pta-2-1.png\" alt=\"\" width=\"281\" height=\"176\" \/><\/p>\n<p>El pasado 14 de febrero se dio inicio oficial al ciclo apertura en la ruta pedag\u00f3gica Programa Todos a Aprender 2022.<\/p>\n<p>Dicho ciclo tendr\u00e1 una duraci\u00f3n de 8 semanas presenciales y de acompa\u00f1amiento pedag\u00f3gico, tiempo en el que se ejecutar\u00e1n las acciones propuestas por el MEN en las l\u00edneas de formaci\u00f3n in situ a maestros desde el grado transici\u00f3n hasta el grado 5\u00b0 de la b\u00e1sica primaria y acompa\u00f1amiento pedag\u00f3gico en aula.<\/p>\n<p>M\u00e1s detalles y pormenores del ciclo en los enlaces.<\/p>\n<p><a href=\"https:\/\/docs.google.com\/document\/d\/1WD-ywHI3OrONqmmZK0y0U88PV3wJbAJs\/edit?usp=sharing&amp;ouid=113044619307474043010&amp;rtpof=true&amp;sd=true\" target=\"_blank\" rel=\"noopener\">ACTA APERTURA DIRECTIVOS DOCENTES<\/a><\/p>\n<p><a href=\"https:\/\/docs.google.com\/presentation\/d\/1zqxvKrvnH8wmvcP27LDEXeUOxMSAR1be\/edit?usp=sharing&amp;ouid=113044619307474043010&amp;rtpof=true&amp;sd=true\" target=\"_blank\" rel=\"noopener\">ABC CICLO APERTURA<\/a><\/p>\n","protected":false},"excerpt":{"rendered":"<p>El pasado 14 de febrero se dio inicio oficial al ciclo apertura en la ruta pedag\u00f3gica Programa Todos a Aprender 2022. Dicho ciclo tendr\u00e1 una duraci\u00f3n de 8 semanas presenciales y de acompa\u00f1amiento pedag\u00f3gico, tiempo en el que se ejecutar\u00e1n las acciones propuestas por el MEN en las l\u00edneas de formaci\u00f3n in situ a maestros [&hellip;]<\/p>\n","protected":false},"author":6,"featured_media":0,"comment_status":"closed","ping_status":"open","sticky":false,"template":"","format":"standard","meta":{"footnotes":""},"categories":[45],"tags":[],"class_list":["post-3769","post","type-post","status-publish","format-standard","hentry","category-pta"],"_links":{"self":[{"href":"https:\/\/iemarcotobon.edu.co\/web\/wp-json\/wp\/v2\/posts\/3769","targetHints":{"allow":["GET"]}}],"collection":[{"href":"https:\/\/iemarcotobon.edu.co\/web\/wp-json\/wp\/v2\/posts"}],"about":[{"href":"https:\/\/iemarcotobon.edu.co\/web\/wp-json\/wp\/v2\/types\/post"}],"author":[{"embeddable":true,"href":"https:\/\/iemarcotobon.edu.co\/web\/wp-json\/wp\/v2\/users\/6"}],"replies":[{"embeddable":true,"href":"https:\/\/iemarcotobon.edu.co\/web\/wp-json\/wp\/v2\/comments?post=3769"}],"version-history":[{"count":8,"href":"https:\/\/iemarcotobon.edu.co\/web\/wp-json\/wp\/v2\/posts\/3769\/revisions"}],"predecessor-version":[{"id":3777,"href":"https:\/\/iemarcotobon.edu.co\/web\/wp-json\/wp\/v2\/posts\/3769\/revisions\/3777"}],"wp:attachment":[{"href":"https:\/\/iemarcotobon.edu.co\/web\/wp-json\/wp\/v2\/media?parent=3769"}],"wp:term":[{"taxonomy":"category","embeddable":true,"href":"https:\/\/iemarcotobon.edu.co\/web\/wp-json\/wp\/v2\/categories?post=3769"},{"taxonomy":"post_tag","embeddable":true,"href":"https:\/\/iemarcotobon.edu.co\/web\/wp-json\/wp\/v2\/tags?post=3769"}],"curies":[{"name":"wp","href":"https:\/\/api.w.org\/{rel}","templated":true}]}}