{"id":3783,"date":"2022-02-23T15:49:16","date_gmt":"2022-02-23T15:49:16","guid":{"rendered":"https:\/\/iemarcotobon.edu.co\/web\/?p=3783"},"modified":"2022-02-23T15:49:16","modified_gmt":"2022-02-23T15:49:16","slug":"reunion-de-consejo-de-padres","status":"publish","type":"post","link":"https:\/\/iemarcotobon.edu.co\/web\/reunion-de-consejo-de-padres\/","title":{"rendered":"Reuni\u00f3n de consejo de padres"},"content":{"rendered":"<p>El d\u00eda martes 22 de febrero, se reuni\u00f3 por primera vez, de manera presencial, el Consejo de Padres de la Instituci\u00f3n Educativa Marco Tob\u00f3n Mej\u00eda, en el Restaurante escolar. El objetivo era elegir la nueva mesa directiva y elegir los representantes al consejo directivo y al comit\u00e9 de convivencia escolar.<\/p>\n<p>La Mesa directiva qued\u00f3 conformada as\u00ed: Presidenta la se\u00f1ora Marcela P\u00e9rez. Vice presidenta, la se\u00f1ora Karina Aleans y secretaria, la se\u00f1ora Jackeline Lopera.<\/p>\n<p>Como representantes al consejo directivo, quedaron elegidas la presidenta, se\u00f1ora Marcela P\u00e9rez y la se\u00f1ora Elsy Johana Querub\u00edn. Al comit\u00e9 de convivencia qued\u00f3 como representante la se\u00f1ora Ver\u00f3nica Monsalve.<\/p>\n<p>Agradecemos la buena asistencia y el sentido de pertenencia de las madres de familia, que en buen numero, asistieron a la reuni\u00f3n.<\/p>\n\n\t\t<style type=\"text\/css\">\n\t\t\t#gallery-1 {\n\t\t\t\tmargin: auto;\n\t\t\t}\n\t\t\t#gallery-1 .gallery-item {\n\t\t\t\tfloat: left;\n\t\t\t\tmargin-top: 10px;\n\t\t\t\ttext-align: center;\n\t\t\t\twidth: 50%;\n\t\t\t}\n\t\t\t#gallery-1 img {\n\t\t\t\tborder: 2px solid #cfcfcf;\n\t\t\t}\n\t\t\t#gallery-1 .gallery-caption {\n\t\t\t\tmargin-left: 0;\n\t\t\t}\n\t\t\t\/* see gallery_shortcode() in wp-includes\/media.php *\/\n\t\t<\/style>\n\t\t<div id='gallery-1' class='gallery galleryid-3783 gallery-columns-2 gallery-size-medium'><dl class='gallery-item'>\n\t\t\t<dt class='gallery-icon landscape'>\n\t\t\t\t<a href='https:\/\/iemarcotobon.edu.co\/web\/reunion-de-consejo-de-padres\/cpadres2\/'><img loading=\"lazy\" decoding=\"async\" width=\"300\" height=\"225\" src=\"https:\/\/iemarcotobon.edu.co\/web\/wp-content\/uploads\/2022\/02\/cpadres2-300x225.jpeg\" class=\"attachment-medium size-medium\" alt=\"\" srcset=\"https:\/\/iemarcotobon.edu.co\/web\/wp-content\/uploads\/2022\/02\/cpadres2-300x225.jpeg 300w, https:\/\/iemarcotobon.edu.co\/web\/wp-content\/uploads\/2022\/02\/cpadres2-768x576.jpeg 768w, https:\/\/iemarcotobon.edu.co\/web\/wp-content\/uploads\/2022\/02\/cpadres2.jpeg 1024w\" sizes=\"auto, (max-width: 300px) 100vw, 300px\" \/><\/a>\n\t\t\t<\/dt><\/dl><dl class='gallery-item'>\n\t\t\t<dt class='gallery-icon landscape'>\n\t\t\t\t<a href='https:\/\/iemarcotobon.edu.co\/web\/reunion-de-consejo-de-padres\/cpadres1\/'><img loading=\"lazy\" decoding=\"async\" width=\"300\" height=\"225\" src=\"https:\/\/iemarcotobon.edu.co\/web\/wp-content\/uploads\/2022\/02\/Cpadres1-300x225.jpeg\" class=\"attachment-medium size-medium\" alt=\"\" srcset=\"https:\/\/iemarcotobon.edu.co\/web\/wp-content\/uploads\/2022\/02\/Cpadres1-300x225.jpeg 300w, https:\/\/iemarcotobon.edu.co\/web\/wp-content\/uploads\/2022\/02\/Cpadres1-768x576.jpeg 768w, https:\/\/iemarcotobon.edu.co\/web\/wp-content\/uploads\/2022\/02\/Cpadres1.jpeg 1024w\" sizes=\"auto, (max-width: 300px) 100vw, 300px\" \/><\/a>\n\t\t\t<\/dt><\/dl><br style=\"clear: both\" \/>\n\t\t<\/div>\n\n","protected":false},"excerpt":{"rendered":"<p>El d\u00eda martes 22 de febrero, se reuni\u00f3 por primera vez, de manera presencial, el Consejo de Padres de la Instituci\u00f3n Educativa Marco Tob\u00f3n Mej\u00eda, en el Restaurante escolar. El objetivo era elegir la nueva mesa directiva y elegir los representantes al consejo directivo y al comit\u00e9 de convivencia escolar. La Mesa directiva qued\u00f3 conformada [&hellip;]<\/p>\n","protected":false},"author":2,"featured_media":0,"comment_status":"closed","ping_status":"open","sticky":false,"template":"","format":"standard","meta":{"footnotes":""},"categories":[1,9],"tags":[],"class_list":["post-3783","post","type-post","status-publish","format-standard","hentry","category-noticias-2","category-padres-de-familia"],"_links":{"self":[{"href":"https:\/\/iemarcotobon.edu.co\/web\/wp-json\/wp\/v2\/posts\/3783","targetHints":{"allow":["GET"]}}],"collection":[{"href":"https:\/\/iemarcotobon.edu.co\/web\/wp-json\/wp\/v2\/posts"}],"about":[{"href":"https:\/\/iemarcotobon.edu.co\/web\/wp-json\/wp\/v2\/types\/post"}],"author":[{"embeddable":true,"href":"https:\/\/iemarcotobon.edu.co\/web\/wp-json\/wp\/v2\/users\/2"}],"replies":[{"embeddable":true,"href":"https:\/\/iemarcotobon.edu.co\/web\/wp-json\/wp\/v2\/comments?post=3783"}],"version-history":[{"count":1,"href":"https:\/\/iemarcotobon.edu.co\/web\/wp-json\/wp\/v2\/posts\/3783\/revisions"}],"predecessor-version":[{"id":3786,"href":"https:\/\/iemarcotobon.edu.co\/web\/wp-json\/wp\/v2\/posts\/3783\/revisions\/3786"}],"wp:attachment":[{"href":"https:\/\/iemarcotobon.edu.co\/web\/wp-json\/wp\/v2\/media?parent=3783"}],"wp:term":[{"taxonomy":"category","embeddable":true,"href":"https:\/\/iemarcotobon.edu.co\/web\/wp-json\/wp\/v2\/categories?post=3783"},{"taxonomy":"post_tag","embeddable":true,"href":"https:\/\/iemarcotobon.edu.co\/web\/wp-json\/wp\/v2\/tags?post=3783"}],"curies":[{"name":"wp","href":"https:\/\/api.w.org\/{rel}","templated":true}]}}