{"id":3799,"date":"2022-03-01T14:34:26","date_gmt":"2022-03-01T14:34:26","guid":{"rendered":"https:\/\/iemarcotobon.edu.co\/web\/?p=3799"},"modified":"2022-03-01T14:34:26","modified_gmt":"2022-03-01T14:34:26","slug":"inicamos-nuestras-actividades-de-reconocimiento-de-liderazgos-participacion-y-del-proyecto-democracia-y-gobierno-escolar-2","status":"publish","type":"post","link":"https:\/\/iemarcotobon.edu.co\/web\/inicamos-nuestras-actividades-de-reconocimiento-de-liderazgos-participacion-y-del-proyecto-democracia-y-gobierno-escolar-2\/","title":{"rendered":"Inicamos nuestras actividades de reconocimiento de liderazgos, participaci\u00f3n y del proyecto democracia y gobierno escolar."},"content":{"rendered":"<p style=\"text-align: right;\"><strong>POR: JONATHAN PIEDRAHITA<\/strong><br \/>\n<strong>DOCENTE CIENCIAS POL\u00cdTICAS, ECONOM\u00cdA Y FILOSOFIA<\/strong><\/p>\n<p><img loading=\"lazy\" decoding=\"async\" class=\"size-medium wp-image-3800 aligncenter\" src=\"http:\/\/iemarcotobon.edu.co\/web\/wp-content\/uploads\/2022\/03\/Foto-Acto-Civico_Secundaria-2-300x138.jpeg\" alt=\"\" width=\"300\" height=\"138\" srcset=\"https:\/\/iemarcotobon.edu.co\/web\/wp-content\/uploads\/2022\/03\/Foto-Acto-Civico_Secundaria-2-300x138.jpeg 300w, https:\/\/iemarcotobon.edu.co\/web\/wp-content\/uploads\/2022\/03\/Foto-Acto-Civico_Secundaria-2-1024x471.jpeg 1024w, https:\/\/iemarcotobon.edu.co\/web\/wp-content\/uploads\/2022\/03\/Foto-Acto-Civico_Secundaria-2-768x353.jpeg 768w, https:\/\/iemarcotobon.edu.co\/web\/wp-content\/uploads\/2022\/03\/Foto-Acto-Civico_Secundaria-2.jpeg 1280w\" sizes=\"auto, (max-width: 300px) 100vw, 300px\" \/>Nuestra instituci\u00f3n ha iniciado las actividades de promoci\u00f3n de la participaci\u00f3n estudiantil, acompa\u00f1ando y dinamizando desde el Centro Acad\u00e9mico de Ciencias Sociales, diversas acciones tendientes al reconocimiento de los liderazgos estudiantiles, as\u00ed como del proyecto de democracia y gobierno escolar. Iniciamos desde el pasado 17 de febrero con la elecci\u00f3n participativa de los diversos representantes al Consejo Estudiantil en las diversas sedes rurales y grados de la sede central.<\/p>\n<p><img loading=\"lazy\" decoding=\"async\" class=\"size-medium wp-image-3794 aligncenter\" src=\"http:\/\/iemarcotobon.edu.co\/web\/wp-content\/uploads\/2022\/03\/Foto-Acto-Civico_Primaria-1-300x225.jpeg\" alt=\"\" width=\"300\" height=\"225\" srcset=\"https:\/\/iemarcotobon.edu.co\/web\/wp-content\/uploads\/2022\/03\/Foto-Acto-Civico_Primaria-1-300x225.jpeg 300w, https:\/\/iemarcotobon.edu.co\/web\/wp-content\/uploads\/2022\/03\/Foto-Acto-Civico_Primaria-1-1024x768.jpeg 1024w, https:\/\/iemarcotobon.edu.co\/web\/wp-content\/uploads\/2022\/03\/Foto-Acto-Civico_Primaria-1-768x576.jpeg 768w, https:\/\/iemarcotobon.edu.co\/web\/wp-content\/uploads\/2022\/03\/Foto-Acto-Civico_Primaria-1-1536x1152.jpeg 1536w, https:\/\/iemarcotobon.edu.co\/web\/wp-content\/uploads\/2022\/03\/Foto-Acto-Civico_Primaria-1.jpeg 1600w\" sizes=\"auto, (max-width: 300px) 100vw, 300px\" \/><\/p>\n<p>Tambi\u00e9n el pasado 22 de Febrero, se llev\u00f3 a cabo el primer acto c\u00edvico de reconocimientos de dichos liderazgos escolares, haciendo entrega de las menciones de honor como acto simb\u00f3lico de visibilizaci\u00f3n de las responsabilidades y compromisos que dichos liderazgos emprender\u00e1n con relaci\u00f3n al mejoramiento de la convivencia escolar, del desempe\u00f1o acad\u00e9mico y el fortalecimiento de los mecanismos de resoluci\u00f3n alternativa de conflictos, as\u00ed como la mejora en la comunicaci\u00f3n entre los diversos grupos y estamentos de la instituci\u00f3n.<\/p>\n<p style=\"text-align: center;\"><img loading=\"lazy\" decoding=\"async\" class=\"size-medium wp-image-3797 aligncenter\" src=\"http:\/\/iemarcotobon.edu.co\/web\/wp-content\/uploads\/2022\/03\/Fotos-Candidatos-01_Sara-y-Santiago-1-300x225.jpeg\" alt=\"\" width=\"300\" height=\"225\" srcset=\"https:\/\/iemarcotobon.edu.co\/web\/wp-content\/uploads\/2022\/03\/Fotos-Candidatos-01_Sara-y-Santiago-1-300x225.jpeg 300w, https:\/\/iemarcotobon.edu.co\/web\/wp-content\/uploads\/2022\/03\/Fotos-Candidatos-01_Sara-y-Santiago-1-1024x768.jpeg 1024w, https:\/\/iemarcotobon.edu.co\/web\/wp-content\/uploads\/2022\/03\/Fotos-Candidatos-01_Sara-y-Santiago-1-768x576.jpeg 768w, https:\/\/iemarcotobon.edu.co\/web\/wp-content\/uploads\/2022\/03\/Fotos-Candidatos-01_Sara-y-Santiago-1.jpeg 1152w\" sizes=\"auto, (max-width: 300px) 100vw, 300px\" \/>Sara Mart\u00ednez y Santiago Preciado de 11\u00b0B<\/p>\n<p>De otro lado, dicho evento sirvi\u00f3 para reconocer tambi\u00e9n las dos f\u00f3rmulas a las candidaturas que aspiran a conformar la personer\u00eda estudiantil. Espacio en el cual se presentaron a los estudiantes: (Sara Mart\u00ednez y Santiago Preciado de 11\u00b0B) y ( Juan Alejandro Atehort\u00faa 11\u00b0C y Johan Restrepo Tabarez 11\u00b0A), quienes en conjunto a sus equipos de campa\u00f1as, comenzar\u00e1n a socializar y explicar sus propuestas para aspirar a la Personer\u00eda Escolar.<\/p>\n<p style=\"text-align: center;\"><img loading=\"lazy\" decoding=\"async\" class=\"size-medium wp-image-3796 aligncenter\" src=\"http:\/\/iemarcotobon.edu.co\/web\/wp-content\/uploads\/2022\/03\/Foto-Candidatos-02_-Juan-y-Johan-1-300x225.jpeg\" alt=\"\" width=\"300\" height=\"225\" srcset=\"https:\/\/iemarcotobon.edu.co\/web\/wp-content\/uploads\/2022\/03\/Foto-Candidatos-02_-Juan-y-Johan-1-300x225.jpeg 300w, https:\/\/iemarcotobon.edu.co\/web\/wp-content\/uploads\/2022\/03\/Foto-Candidatos-02_-Juan-y-Johan-1-1024x768.jpeg 1024w, https:\/\/iemarcotobon.edu.co\/web\/wp-content\/uploads\/2022\/03\/Foto-Candidatos-02_-Juan-y-Johan-1-768x576.jpeg 768w, https:\/\/iemarcotobon.edu.co\/web\/wp-content\/uploads\/2022\/03\/Foto-Candidatos-02_-Juan-y-Johan-1.jpeg 1152w\" sizes=\"auto, (max-width: 300px) 100vw, 300px\" \/><br \/>\nJuan Alejandro Atehort\u00faa 11\u00b0C y Johan Restrepo Tabarez 11\u00b0A<\/p>\n<p>Agradecemos desde el Centro Acad\u00e9mico de Ciencias Sociales a las directivas, colegas docentes y en especial a nuestra comunidad estudiantil por la acogida positiva, la participaci\u00f3n asertiva y la apropiaci\u00f3n y vivencia de los valores democr\u00e1ticos, del pluralismo que han caracterizado a nuestra instituci\u00f3n y sus apuestas por formar ciudadan\u00edas activas, consientes y comprometidas con lograr los cambios y proyectos que nuestra sociedad requiere.<\/p>\n","protected":false},"excerpt":{"rendered":"<p>POR: JONATHAN PIEDRAHITA DOCENTE CIENCIAS POL\u00cdTICAS, ECONOM\u00cdA Y FILOSOFIA Nuestra instituci\u00f3n ha iniciado las actividades de promoci\u00f3n de la participaci\u00f3n estudiantil, acompa\u00f1ando y dinamizando desde el Centro Acad\u00e9mico de Ciencias Sociales, diversas acciones tendientes al reconocimiento de los liderazgos estudiantiles, as\u00ed como del proyecto de democracia y gobierno escolar. Iniciamos desde el pasado 17 de [&hellip;]<\/p>\n","protected":false},"author":2,"featured_media":0,"comment_status":"closed","ping_status":"open","sticky":false,"template":"","format":"standard","meta":{"footnotes":""},"categories":[61],"tags":[],"class_list":["post-3799","post","type-post","status-publish","format-standard","hentry","category-elecciones-2022"],"_links":{"self":[{"href":"https:\/\/iemarcotobon.edu.co\/web\/wp-json\/wp\/v2\/posts\/3799","targetHints":{"allow":["GET"]}}],"collection":[{"href":"https:\/\/iemarcotobon.edu.co\/web\/wp-json\/wp\/v2\/posts"}],"about":[{"href":"https:\/\/iemarcotobon.edu.co\/web\/wp-json\/wp\/v2\/types\/post"}],"author":[{"embeddable":true,"href":"https:\/\/iemarcotobon.edu.co\/web\/wp-json\/wp\/v2\/users\/2"}],"replies":[{"embeddable":true,"href":"https:\/\/iemarcotobon.edu.co\/web\/wp-json\/wp\/v2\/comments?post=3799"}],"version-history":[{"count":1,"href":"https:\/\/iemarcotobon.edu.co\/web\/wp-json\/wp\/v2\/posts\/3799\/revisions"}],"predecessor-version":[{"id":3801,"href":"https:\/\/iemarcotobon.edu.co\/web\/wp-json\/wp\/v2\/posts\/3799\/revisions\/3801"}],"wp:attachment":[{"href":"https:\/\/iemarcotobon.edu.co\/web\/wp-json\/wp\/v2\/media?parent=3799"}],"wp:term":[{"taxonomy":"category","embeddable":true,"href":"https:\/\/iemarcotobon.edu.co\/web\/wp-json\/wp\/v2\/categories?post=3799"},{"taxonomy":"post_tag","embeddable":true,"href":"https:\/\/iemarcotobon.edu.co\/web\/wp-json\/wp\/v2\/tags?post=3799"}],"curies":[{"name":"wp","href":"https:\/\/api.w.org\/{rel}","templated":true}]}}