{"id":4128,"date":"2022-11-08T21:18:31","date_gmt":"2022-11-08T21:18:31","guid":{"rendered":"https:\/\/iemarcotobon.edu.co\/web\/?p=4128"},"modified":"2022-11-09T16:04:04","modified_gmt":"2022-11-09T16:04:04","slug":"la-catedra-santa-rosa-parte-del-proyecto-educativo-y-humanista-de-la-i-e-marco-tobon","status":"publish","type":"post","link":"https:\/\/iemarcotobon.edu.co\/web\/la-catedra-santa-rosa-parte-del-proyecto-educativo-y-humanista-de-la-i-e-marco-tobon\/","title":{"rendered":"La C\u00e1tedra Santa Rosa, Parte del Proyecto Educativo y Humanista de la I.E. Marco Tob\u00f3n"},"content":{"rendered":"<p>EL pasado 03 y 04 de Noviembre, los grado<strong>s 10\u00b0B (Humanidades) y 1<\/strong><strong>1\u00b0C (Ciencias, Tecnolog\u00eda y Matem\u00e1ticas)<\/strong> llevaron a cabo las <strong>Salidas pedag\u00f3gicas en el Marco de la C\u00e1tedra Santa Rosa<\/strong>, un proyecto iniciado en el a\u00f1o 2021, por medio de una invitaci\u00f3n realizada por<strong> la Secretar\u00eda Municipal de Educaci\u00f3n<\/strong> al\u00a0\u00e1rea de <strong>Ciencias Econ\u00f3micas y Pol\u00edticas, <\/strong><strong>\u00a0<\/strong>la cual busca fortalecer y acompa\u00f1ar a las comunidades educativas del municipio en los procesos de formaci\u00f3n ciudadana y patrimonial de <strong>Santa<\/strong> <strong>Rosa de Osos.<\/strong><\/p>\n<p>&nbsp;<\/p>\n<p><!--more--><\/p>\n<p><img loading=\"lazy\" decoding=\"async\" class=\"aligncenter wp-image-4130 \" src=\"http:\/\/iemarcotobon.edu.co\/web\/wp-content\/uploads\/2022\/11\/IMG-20221104-WA0045-300x226.jpg\" alt=\"\" width=\"339\" height=\"255\" srcset=\"https:\/\/iemarcotobon.edu.co\/web\/wp-content\/uploads\/2022\/11\/IMG-20221104-WA0045-300x226.jpg 300w, https:\/\/iemarcotobon.edu.co\/web\/wp-content\/uploads\/2022\/11\/IMG-20221104-WA0045-1024x771.jpg 1024w, https:\/\/iemarcotobon.edu.co\/web\/wp-content\/uploads\/2022\/11\/IMG-20221104-WA0045-768x578.jpg 768w, https:\/\/iemarcotobon.edu.co\/web\/wp-content\/uploads\/2022\/11\/IMG-20221104-WA0045-1536x1156.jpg 1536w, https:\/\/iemarcotobon.edu.co\/web\/wp-content\/uploads\/2022\/11\/IMG-20221104-WA0045.jpg 1600w\" sizes=\"auto, (max-width: 339px) 100vw, 339px\" \/><\/p>\n<p style=\"text-align: center;\">Dicha C\u00e1tedra se ha propuesto\u00a0trabajar con los grados 10\u00b0 y 11\u00b0 tem\u00e1ticas referentes a <strong>los derechos ambientales, la democracia Juvenil y las formas de participaci\u00f3n pol\u00edtico ambiental, as\u00ed como reconocer y ampliar los saberes sobre las din\u00e1micas territoriales y las transformaciones de las actividad productivas<\/strong>\u00a0del territorio municipal.<\/p>\n<p><img loading=\"lazy\" decoding=\"async\" class=\"aligncenter wp-image-4134 size-medium\" src=\"http:\/\/iemarcotobon.edu.co\/web\/wp-content\/uploads\/2022\/11\/IMG_20221031_085527-300x126.jpg\" alt=\"\" width=\"300\" height=\"126\" srcset=\"https:\/\/iemarcotobon.edu.co\/web\/wp-content\/uploads\/2022\/11\/IMG_20221031_085527-300x126.jpg 300w, https:\/\/iemarcotobon.edu.co\/web\/wp-content\/uploads\/2022\/11\/IMG_20221031_085527-1024x429.jpg 1024w, https:\/\/iemarcotobon.edu.co\/web\/wp-content\/uploads\/2022\/11\/IMG_20221031_085527-768x322.jpg 768w, https:\/\/iemarcotobon.edu.co\/web\/wp-content\/uploads\/2022\/11\/IMG_20221031_085527-1536x643.jpg 1536w, https:\/\/iemarcotobon.edu.co\/web\/wp-content\/uploads\/2022\/11\/IMG_20221031_085527-2048x858.jpg 2048w\" sizes=\"auto, (max-width: 300px) 100vw, 300px\" \/><\/p>\n<p><img loading=\"lazy\" decoding=\"async\" class=\"aligncenter wp-image-4133 \" src=\"http:\/\/iemarcotobon.edu.co\/web\/wp-content\/uploads\/2022\/11\/IMG_20221103_064957-300x154.jpg\" alt=\"\" width=\"358\" height=\"184\" srcset=\"https:\/\/iemarcotobon.edu.co\/web\/wp-content\/uploads\/2022\/11\/IMG_20221103_064957-300x154.jpg 300w, https:\/\/iemarcotobon.edu.co\/web\/wp-content\/uploads\/2022\/11\/IMG_20221103_064957-1024x525.jpg 1024w, https:\/\/iemarcotobon.edu.co\/web\/wp-content\/uploads\/2022\/11\/IMG_20221103_064957-768x394.jpg 768w, https:\/\/iemarcotobon.edu.co\/web\/wp-content\/uploads\/2022\/11\/IMG_20221103_064957-1536x788.jpg 1536w, https:\/\/iemarcotobon.edu.co\/web\/wp-content\/uploads\/2022\/11\/IMG_20221103_064957-2048x1050.jpg 2048w\" sizes=\"auto, (max-width: 358px) 100vw, 358px\" \/><\/p>\n<p style=\"text-align: center;\"><strong> Para conocer los aprendizajes y experiencias en estas salidas pedag\u00f3gicas puedes visitar los siguientes enlaces:<\/strong><\/p>\n<p><img loading=\"lazy\" decoding=\"async\" class=\"aligncenter wp-image-4131 size-large\" src=\"http:\/\/iemarcotobon.edu.co\/web\/wp-content\/uploads\/2022\/11\/IMG_20221103_113507-1024x461.jpg\" alt=\"\" width=\"604\" height=\"272\" srcset=\"https:\/\/iemarcotobon.edu.co\/web\/wp-content\/uploads\/2022\/11\/IMG_20221103_113507-1024x461.jpg 1024w, https:\/\/iemarcotobon.edu.co\/web\/wp-content\/uploads\/2022\/11\/IMG_20221103_113507-300x135.jpg 300w, https:\/\/iemarcotobon.edu.co\/web\/wp-content\/uploads\/2022\/11\/IMG_20221103_113507-768x346.jpg 768w, https:\/\/iemarcotobon.edu.co\/web\/wp-content\/uploads\/2022\/11\/IMG_20221103_113507-1536x691.jpg 1536w, https:\/\/iemarcotobon.edu.co\/web\/wp-content\/uploads\/2022\/11\/IMG_20221103_113507-2048x922.jpg 2048w\" sizes=\"auto, (max-width: 604px) 100vw, 604px\" \/><\/p>\n<p style=\"text-align: center;\"><strong>Experiencias en la Ruta Minera:<\/strong><\/p>\n<p style=\"text-align: center;\"><strong><a href=\"https:\/\/padlet.com\/jonathanpiedrahita1\/Bookmarks\">https:\/\/padlet.com\/jonathanpiedrahita1\/Bookmarks<\/a><\/strong><\/p>\n<p><img loading=\"lazy\" decoding=\"async\" class=\"wp-image-4144 size-large aligncenter\" src=\"http:\/\/iemarcotobon.edu.co\/web\/wp-content\/uploads\/2022\/11\/IMG_20221104_100842-1024x461.jpg\" alt=\"\" width=\"604\" height=\"272\" srcset=\"https:\/\/iemarcotobon.edu.co\/web\/wp-content\/uploads\/2022\/11\/IMG_20221104_100842-1024x461.jpg 1024w, https:\/\/iemarcotobon.edu.co\/web\/wp-content\/uploads\/2022\/11\/IMG_20221104_100842-300x135.jpg 300w, https:\/\/iemarcotobon.edu.co\/web\/wp-content\/uploads\/2022\/11\/IMG_20221104_100842-768x346.jpg 768w, https:\/\/iemarcotobon.edu.co\/web\/wp-content\/uploads\/2022\/11\/IMG_20221104_100842-1536x691.jpg 1536w, https:\/\/iemarcotobon.edu.co\/web\/wp-content\/uploads\/2022\/11\/IMG_20221104_100842-2048x922.jpg 2048w\" sizes=\"auto, (max-width: 604px) 100vw, 604px\" \/><\/p>\n<p style=\"text-align: center;\"><strong>Experiencia en la Reserva Forestal Guanacas:<a href=\"https:\/\/padlet.com\/jonathanpiedrahita1\/4w8u8uvl55pj6rq2\"> https:\/\/padlet.com\/jonathanpiedrahita1\/4w8u8uvl55pj6rq2<\/a><\/strong><\/p>\n<p style=\"text-align: center;\">Estas salidas pedag\u00f3gicas, fueron disfrutadas tanto por estudiantes como por padres de familia de Grados 10\u00b0 y 11\u00b0como una potente estrategia pedag\u00f3gica y pol\u00edtica de apropiaci\u00f3n y defensa de nuestro patrimonio cultural y ambiental, por lo que <strong>agradecemos enormemente el apoyo de la Mesa Ambiental y de la Fundaci\u00f3n Guanacas por creer en estas apuestas formativas vivenciales.<\/strong><\/p>\n<p style=\"text-align: center;\"><img loading=\"lazy\" decoding=\"async\" class=\"aligncenter wp-image-4137 size-full\" src=\"http:\/\/iemarcotobon.edu.co\/web\/wp-content\/uploads\/2022\/11\/IMG-20221104-WA0032.jpg\" alt=\"\" width=\"1290\" height=\"690\" srcset=\"https:\/\/iemarcotobon.edu.co\/web\/wp-content\/uploads\/2022\/11\/IMG-20221104-WA0032.jpg 1290w, https:\/\/iemarcotobon.edu.co\/web\/wp-content\/uploads\/2022\/11\/IMG-20221104-WA0032-300x160.jpg 300w, https:\/\/iemarcotobon.edu.co\/web\/wp-content\/uploads\/2022\/11\/IMG-20221104-WA0032-1024x548.jpg 1024w, https:\/\/iemarcotobon.edu.co\/web\/wp-content\/uploads\/2022\/11\/IMG-20221104-WA0032-768x411.jpg 768w\" sizes=\"auto, (max-width: 1290px) 100vw, 1290px\" \/><strong>\u00a0<\/strong><\/p>\n<p>&nbsp;<\/p>\n<p>&nbsp;<\/p>\n<p>&nbsp;<\/p>\n<p>&nbsp;<\/p>\n","protected":false},"excerpt":{"rendered":"<p>EL pasado 03 y 04 de Noviembre, los grados 10\u00b0B (Humanidades) y 11\u00b0C (Ciencias, Tecnolog\u00eda y Matem\u00e1ticas) llevaron a cabo las Salidas pedag\u00f3gicas en el Marco de la C\u00e1tedra Santa Rosa, un proyecto iniciado en el a\u00f1o 2021, por medio de una invitaci\u00f3n realizada por la Secretar\u00eda Municipal de Educaci\u00f3n al\u00a0\u00e1rea de Ciencias Econ\u00f3micas y [&hellip;]<\/p>\n","protected":false},"author":2,"featured_media":4129,"comment_status":"closed","ping_status":"open","sticky":false,"template":"","format":"standard","meta":{"footnotes":""},"categories":[18],"tags":[66,67],"class_list":["post-4128","post","type-post","status-publish","format-standard","has-post-thumbnail","hentry","category-jornadas-pedagogicas","tag-catedra-santa-rosa","tag-proyectos-pedagogicos"],"_links":{"self":[{"href":"https:\/\/iemarcotobon.edu.co\/web\/wp-json\/wp\/v2\/posts\/4128","targetHints":{"allow":["GET"]}}],"collection":[{"href":"https:\/\/iemarcotobon.edu.co\/web\/wp-json\/wp\/v2\/posts"}],"about":[{"href":"https:\/\/iemarcotobon.edu.co\/web\/wp-json\/wp\/v2\/types\/post"}],"author":[{"embeddable":true,"href":"https:\/\/iemarcotobon.edu.co\/web\/wp-json\/wp\/v2\/users\/2"}],"replies":[{"embeddable":true,"href":"https:\/\/iemarcotobon.edu.co\/web\/wp-json\/wp\/v2\/comments?post=4128"}],"version-history":[{"count":19,"href":"https:\/\/iemarcotobon.edu.co\/web\/wp-json\/wp\/v2\/posts\/4128\/revisions"}],"predecessor-version":[{"id":4179,"href":"https:\/\/iemarcotobon.edu.co\/web\/wp-json\/wp\/v2\/posts\/4128\/revisions\/4179"}],"wp:featuredmedia":[{"embeddable":true,"href":"https:\/\/iemarcotobon.edu.co\/web\/wp-json\/wp\/v2\/media\/4129"}],"wp:attachment":[{"href":"https:\/\/iemarcotobon.edu.co\/web\/wp-json\/wp\/v2\/media?parent=4128"}],"wp:term":[{"taxonomy":"category","embeddable":true,"href":"https:\/\/iemarcotobon.edu.co\/web\/wp-json\/wp\/v2\/categories?post=4128"},{"taxonomy":"post_tag","embeddable":true,"href":"https:\/\/iemarcotobon.edu.co\/web\/wp-json\/wp\/v2\/tags?post=4128"}],"curies":[{"name":"wp","href":"https:\/\/api.w.org\/{rel}","templated":true}]}}