{"id":4440,"date":"2023-04-23T13:56:13","date_gmt":"2023-04-23T13:56:13","guid":{"rendered":"https:\/\/iemarcotobon.edu.co\/web\/?p=4440"},"modified":"2023-04-23T13:56:13","modified_gmt":"2023-04-23T13:56:13","slug":"nuestras-sedes-participan-activamente-con-la-celebracion-del-dia-del-idioma","status":"publish","type":"post","link":"https:\/\/iemarcotobon.edu.co\/web\/nuestras-sedes-participan-activamente-con-la-celebracion-del-dia-del-idioma\/","title":{"rendered":"Nuestras sedes participan activamente con la celebraci\u00f3n del d\u00eda del idioma"},"content":{"rendered":"<p>Entre el jueves 20 y el viernes 21 de abril las sedes de la IE Marco Tob\u00f3n Mej\u00eda, se unen a la celebraci\u00f3n internacional del d\u00eda del idioma.<\/p>\n<p>El lenguaje, como acto social, nos une como pueblo, nos identifica como naci\u00f3n y se convierte en un ejercicio que va m\u00e1s all\u00e1 del intercambio conversacional, en Latinoam\u00e9rica recordamos que fuimos unificados bajo la lengua que trajeron los conquistadores.<\/p>\n<p>Como parte de la comunidad latinoamericana, Colombia tambi\u00e9n se\u00a0 reconoce como pueblo mestizo, no solo en la mezcla de razas, tambi\u00e9n en lo relacionado con los dialectos y las m\u00faltiples formas de expresi\u00f3n. En raz\u00f3n de ello las acciones mostradas durante el acto c\u00edvico, en cada una de las sedes, dan fe de esta diversidad cultural, de las m\u00faltiples formas de expresi\u00f3n y del rescate de la tradici\u00f3n frente a las <strong>\u00abnuevas conquistas\u00bb<\/strong> que se presentan en materia\u00a0 de lenguaje: danza, declamaci\u00f3n de poes\u00eda, interpretaci\u00f3n musical, acr\u00f3sticos, dramatizaciones picnic literario, trovas, historias de vida o biograf\u00edas&#8230; acciones que demuestran la riqueza que se nos ha legado a trav\u00e9s del tiempo, que conservamos, recordamos y conmemoramos, adem\u00e1s que visibilizan el ingenio y la creatividad de nuestros docentes y estudiantes\u00a0 (23 de abril).<\/p>\n<p><strong>Sede La Mu\u00f1oz<\/strong><\/p>\n<p><img loading=\"lazy\" decoding=\"async\" class=\"size-medium wp-image-4442 alignleft\" src=\"http:\/\/iemarcotobon.edu.co\/web\/wp-content\/uploads\/2023\/04\/WhatsApp-Image-2023-04-20-at-4.30.40-PM-300x225.jpeg\" alt=\"\" width=\"300\" height=\"225\" srcset=\"https:\/\/iemarcotobon.edu.co\/web\/wp-content\/uploads\/2023\/04\/WhatsApp-Image-2023-04-20-at-4.30.40-PM-300x225.jpeg 300w, https:\/\/iemarcotobon.edu.co\/web\/wp-content\/uploads\/2023\/04\/WhatsApp-Image-2023-04-20-at-4.30.40-PM-1024x768.jpeg 1024w, https:\/\/iemarcotobon.edu.co\/web\/wp-content\/uploads\/2023\/04\/WhatsApp-Image-2023-04-20-at-4.30.40-PM-768x576.jpeg 768w, https:\/\/iemarcotobon.edu.co\/web\/wp-content\/uploads\/2023\/04\/WhatsApp-Image-2023-04-20-at-4.30.40-PM.jpeg 1280w\" sizes=\"auto, (max-width: 300px) 100vw, 300px\" \/><\/p>\n<p><img loading=\"lazy\" decoding=\"async\" class=\"size-medium wp-image-4441 alignleft\" src=\"http:\/\/iemarcotobon.edu.co\/web\/wp-content\/uploads\/2023\/04\/WhatsApp-Image-2023-04-20-at-4.30.41-PM-300x225.jpeg\" alt=\"\" width=\"300\" height=\"225\" srcset=\"https:\/\/iemarcotobon.edu.co\/web\/wp-content\/uploads\/2023\/04\/WhatsApp-Image-2023-04-20-at-4.30.41-PM-300x225.jpeg 300w, https:\/\/iemarcotobon.edu.co\/web\/wp-content\/uploads\/2023\/04\/WhatsApp-Image-2023-04-20-at-4.30.41-PM-1024x768.jpeg 1024w, https:\/\/iemarcotobon.edu.co\/web\/wp-content\/uploads\/2023\/04\/WhatsApp-Image-2023-04-20-at-4.30.41-PM-768x576.jpeg 768w, https:\/\/iemarcotobon.edu.co\/web\/wp-content\/uploads\/2023\/04\/WhatsApp-Image-2023-04-20-at-4.30.41-PM.jpeg 1280w\" sizes=\"auto, (max-width: 300px) 100vw, 300px\" \/><\/p>\n<p>&nbsp;<\/p>\n<p>&nbsp;<\/p>\n<p>&nbsp;<\/p>\n<p>&nbsp;<\/p>\n<p>&nbsp;<\/p>\n<p><img loading=\"lazy\" decoding=\"async\" class=\"size-medium wp-image-4446 alignnone\" src=\"http:\/\/iemarcotobon.edu.co\/web\/wp-content\/uploads\/2023\/04\/WhatsApp-Image-2023-04-20-at-4.30.39-PM-300x225.jpeg\" alt=\"\" width=\"300\" height=\"225\" srcset=\"https:\/\/iemarcotobon.edu.co\/web\/wp-content\/uploads\/2023\/04\/WhatsApp-Image-2023-04-20-at-4.30.39-PM-300x225.jpeg 300w, https:\/\/iemarcotobon.edu.co\/web\/wp-content\/uploads\/2023\/04\/WhatsApp-Image-2023-04-20-at-4.30.39-PM-1024x768.jpeg 1024w, https:\/\/iemarcotobon.edu.co\/web\/wp-content\/uploads\/2023\/04\/WhatsApp-Image-2023-04-20-at-4.30.39-PM-768x576.jpeg 768w, https:\/\/iemarcotobon.edu.co\/web\/wp-content\/uploads\/2023\/04\/WhatsApp-Image-2023-04-20-at-4.30.39-PM.jpeg 1280w\" sizes=\"auto, (max-width: 300px) 100vw, 300px\" \/><\/p>\n<p><strong>Sede Alto de la Mina<\/strong><\/p>\n<p><img loading=\"lazy\" decoding=\"async\" class=\"size-medium wp-image-4449 alignleft\" src=\"http:\/\/iemarcotobon.edu.co\/web\/wp-content\/uploads\/2023\/04\/WhatsApp-Image-2023-04-21-at-3.54.55-PM-300x225.jpeg\" alt=\"\" width=\"300\" height=\"225\" srcset=\"https:\/\/iemarcotobon.edu.co\/web\/wp-content\/uploads\/2023\/04\/WhatsApp-Image-2023-04-21-at-3.54.55-PM-300x225.jpeg 300w, https:\/\/iemarcotobon.edu.co\/web\/wp-content\/uploads\/2023\/04\/WhatsApp-Image-2023-04-21-at-3.54.55-PM-1024x768.jpeg 1024w, https:\/\/iemarcotobon.edu.co\/web\/wp-content\/uploads\/2023\/04\/WhatsApp-Image-2023-04-21-at-3.54.55-PM-768x576.jpeg 768w, https:\/\/iemarcotobon.edu.co\/web\/wp-content\/uploads\/2023\/04\/WhatsApp-Image-2023-04-21-at-3.54.55-PM.jpeg 1408w\" sizes=\"auto, (max-width: 300px) 100vw, 300px\" \/><\/p>\n<p><img loading=\"lazy\" decoding=\"async\" class=\"size-medium wp-image-4448 alignleft\" src=\"http:\/\/iemarcotobon.edu.co\/web\/wp-content\/uploads\/2023\/04\/WhatsApp-Image-2023-04-21-at-4.14.54-PM-300x225.jpeg\" alt=\"\" width=\"300\" height=\"225\" srcset=\"https:\/\/iemarcotobon.edu.co\/web\/wp-content\/uploads\/2023\/04\/WhatsApp-Image-2023-04-21-at-4.14.54-PM-300x225.jpeg 300w, https:\/\/iemarcotobon.edu.co\/web\/wp-content\/uploads\/2023\/04\/WhatsApp-Image-2023-04-21-at-4.14.54-PM-1024x768.jpeg 1024w, https:\/\/iemarcotobon.edu.co\/web\/wp-content\/uploads\/2023\/04\/WhatsApp-Image-2023-04-21-at-4.14.54-PM-768x576.jpeg 768w, https:\/\/iemarcotobon.edu.co\/web\/wp-content\/uploads\/2023\/04\/WhatsApp-Image-2023-04-21-at-4.14.54-PM-1536x1152.jpeg 1536w, https:\/\/iemarcotobon.edu.co\/web\/wp-content\/uploads\/2023\/04\/WhatsApp-Image-2023-04-21-at-4.14.54-PM.jpeg 1600w\" sizes=\"auto, (max-width: 300px) 100vw, 300px\" \/><\/p>\n<p>&nbsp;<\/p>\n<p>&nbsp;<\/p>\n<p>&nbsp;<\/p>\n<p>&nbsp;<\/p>\n<p><img loading=\"lazy\" decoding=\"async\" class=\"size-medium wp-image-4450 alignnone\" src=\"http:\/\/iemarcotobon.edu.co\/web\/wp-content\/uploads\/2023\/04\/WhatsApp-Image-2023-04-21-at-3.50.58-PM-300x225.jpeg\" alt=\"\" width=\"300\" height=\"225\" srcset=\"https:\/\/iemarcotobon.edu.co\/web\/wp-content\/uploads\/2023\/04\/WhatsApp-Image-2023-04-21-at-3.50.58-PM-300x225.jpeg 300w, https:\/\/iemarcotobon.edu.co\/web\/wp-content\/uploads\/2023\/04\/WhatsApp-Image-2023-04-21-at-3.50.58-PM-1024x768.jpeg 1024w, https:\/\/iemarcotobon.edu.co\/web\/wp-content\/uploads\/2023\/04\/WhatsApp-Image-2023-04-21-at-3.50.58-PM-768x576.jpeg 768w, https:\/\/iemarcotobon.edu.co\/web\/wp-content\/uploads\/2023\/04\/WhatsApp-Image-2023-04-21-at-3.50.58-PM-1536x1152.jpeg 1536w, https:\/\/iemarcotobon.edu.co\/web\/wp-content\/uploads\/2023\/04\/WhatsApp-Image-2023-04-21-at-3.50.58-PM.jpeg 1600w\" sizes=\"auto, (max-width: 300px) 100vw, 300px\" \/><\/p>\n<p>&nbsp;<\/p>\n<p><strong>Sede La Planta<\/strong><\/p>\n<p><img loading=\"lazy\" decoding=\"async\" class=\"size-medium wp-image-4443 alignleft\" src=\"http:\/\/iemarcotobon.edu.co\/web\/wp-content\/uploads\/2023\/04\/WhatsApp-Image-2023-04-21-at-12.51.27-PM-225x300.jpeg\" alt=\"\" width=\"225\" height=\"300\" srcset=\"https:\/\/iemarcotobon.edu.co\/web\/wp-content\/uploads\/2023\/04\/WhatsApp-Image-2023-04-21-at-12.51.27-PM-225x300.jpeg 225w, https:\/\/iemarcotobon.edu.co\/web\/wp-content\/uploads\/2023\/04\/WhatsApp-Image-2023-04-21-at-12.51.27-PM-768x1023.jpeg 768w, https:\/\/iemarcotobon.edu.co\/web\/wp-content\/uploads\/2023\/04\/WhatsApp-Image-2023-04-21-at-12.51.27-PM-1153x1536.jpeg 1153w, https:\/\/iemarcotobon.edu.co\/web\/wp-content\/uploads\/2023\/04\/WhatsApp-Image-2023-04-21-at-12.51.27-PM.jpeg 1200w\" sizes=\"auto, (max-width: 225px) 100vw, 225px\" \/> <img loading=\"lazy\" decoding=\"async\" class=\"size-medium wp-image-4444 alignleft\" src=\"http:\/\/iemarcotobon.edu.co\/web\/wp-content\/uploads\/2023\/04\/WhatsApp-Image-2023-04-21-at-12.51.26-PM-1-225x300.jpeg\" alt=\"\" width=\"225\" height=\"300\" srcset=\"https:\/\/iemarcotobon.edu.co\/web\/wp-content\/uploads\/2023\/04\/WhatsApp-Image-2023-04-21-at-12.51.26-PM-1-225x300.jpeg 225w, https:\/\/iemarcotobon.edu.co\/web\/wp-content\/uploads\/2023\/04\/WhatsApp-Image-2023-04-21-at-12.51.26-PM-1-768x1023.jpeg 768w, https:\/\/iemarcotobon.edu.co\/web\/wp-content\/uploads\/2023\/04\/WhatsApp-Image-2023-04-21-at-12.51.26-PM-1-1153x1536.jpeg 1153w, https:\/\/iemarcotobon.edu.co\/web\/wp-content\/uploads\/2023\/04\/WhatsApp-Image-2023-04-21-at-12.51.26-PM-1.jpeg 1200w\" sizes=\"auto, (max-width: 225px) 100vw, 225px\" \/> <img loading=\"lazy\" decoding=\"async\" class=\"size-medium wp-image-4445 alignleft\" src=\"http:\/\/iemarcotobon.edu.co\/web\/wp-content\/uploads\/2023\/04\/WhatsApp-Image-2023-04-21-at-12.51.26-PM-225x300.jpeg\" alt=\"\" width=\"225\" height=\"300\" srcset=\"https:\/\/iemarcotobon.edu.co\/web\/wp-content\/uploads\/2023\/04\/WhatsApp-Image-2023-04-21-at-12.51.26-PM-225x300.jpeg 225w, https:\/\/iemarcotobon.edu.co\/web\/wp-content\/uploads\/2023\/04\/WhatsApp-Image-2023-04-21-at-12.51.26-PM-768x1023.jpeg 768w, https:\/\/iemarcotobon.edu.co\/web\/wp-content\/uploads\/2023\/04\/WhatsApp-Image-2023-04-21-at-12.51.26-PM-1153x1536.jpeg 1153w, https:\/\/iemarcotobon.edu.co\/web\/wp-content\/uploads\/2023\/04\/WhatsApp-Image-2023-04-21-at-12.51.26-PM.jpeg 1200w\" sizes=\"auto, (max-width: 225px) 100vw, 225px\" \/><\/p>\n","protected":false},"excerpt":{"rendered":"<p>Entre el jueves 20 y el viernes 21 de abril las sedes de la IE Marco Tob\u00f3n Mej\u00eda, se unen a la celebraci\u00f3n internacional del d\u00eda del idioma. El lenguaje, como acto social, nos une como pueblo, nos identifica como naci\u00f3n y se convierte en un ejercicio que va m\u00e1s all\u00e1 del intercambio conversacional, en [&hellip;]<\/p>\n","protected":false},"author":6,"featured_media":0,"comment_status":"closed","ping_status":"open","sticky":false,"template":"","format":"standard","meta":{"footnotes":""},"categories":[17,15],"tags":[],"class_list":["post-4440","post","type-post","status-publish","format-standard","hentry","category-proyectos-pedagogicos","category-sedes"],"_links":{"self":[{"href":"https:\/\/iemarcotobon.edu.co\/web\/wp-json\/wp\/v2\/posts\/4440","targetHints":{"allow":["GET"]}}],"collection":[{"href":"https:\/\/iemarcotobon.edu.co\/web\/wp-json\/wp\/v2\/posts"}],"about":[{"href":"https:\/\/iemarcotobon.edu.co\/web\/wp-json\/wp\/v2\/types\/post"}],"author":[{"embeddable":true,"href":"https:\/\/iemarcotobon.edu.co\/web\/wp-json\/wp\/v2\/users\/6"}],"replies":[{"embeddable":true,"href":"https:\/\/iemarcotobon.edu.co\/web\/wp-json\/wp\/v2\/comments?post=4440"}],"version-history":[{"count":1,"href":"https:\/\/iemarcotobon.edu.co\/web\/wp-json\/wp\/v2\/posts\/4440\/revisions"}],"predecessor-version":[{"id":4451,"href":"https:\/\/iemarcotobon.edu.co\/web\/wp-json\/wp\/v2\/posts\/4440\/revisions\/4451"}],"wp:attachment":[{"href":"https:\/\/iemarcotobon.edu.co\/web\/wp-json\/wp\/v2\/media?parent=4440"}],"wp:term":[{"taxonomy":"category","embeddable":true,"href":"https:\/\/iemarcotobon.edu.co\/web\/wp-json\/wp\/v2\/categories?post=4440"},{"taxonomy":"post_tag","embeddable":true,"href":"https:\/\/iemarcotobon.edu.co\/web\/wp-json\/wp\/v2\/tags?post=4440"}],"curies":[{"name":"wp","href":"https:\/\/api.w.org\/{rel}","templated":true}]}}