{"id":5638,"date":"2025-09-06T21:54:28","date_gmt":"2025-09-06T21:54:28","guid":{"rendered":"https:\/\/iemarcotobon.edu.co\/web\/?p=5638"},"modified":"2025-09-06T21:54:28","modified_gmt":"2025-09-06T21:54:28","slug":"exploracion-del-medio-y-aprendizaje-grado-jardin","status":"publish","type":"post","link":"https:\/\/iemarcotobon.edu.co\/web\/exploracion-del-medio-y-aprendizaje-grado-jardin\/","title":{"rendered":"Exploraci\u00f3n del medio y aprendizaje. Grado jard\u00edn"},"content":{"rendered":"<p>Teniendo en cuenta las bases curriculares de la educaci\u00f3n inicial, los estudiantes del grado jard\u00edn desarrollan diversas acciones pedag\u00f3gicas de exploraci\u00f3n del medio, mismas que tienden al reconocimiento de actividades propias del entorno que les permiten dotar de sentido aquello que perciben a trav\u00e9s de sus sentidos.<\/p>\n<p><img loading=\"lazy\" decoding=\"async\" class=\"size-medium wp-image-5639 aligncenter\" src=\"http:\/\/iemarcotobon.edu.co\/web\/wp-content\/uploads\/2025\/09\/WhatsApp-Image-2025-09-06-at-4.49.10-PM-300x225.jpeg\" alt=\"\" width=\"300\" height=\"225\" srcset=\"https:\/\/iemarcotobon.edu.co\/web\/wp-content\/uploads\/2025\/09\/WhatsApp-Image-2025-09-06-at-4.49.10-PM-300x225.jpeg 300w, https:\/\/iemarcotobon.edu.co\/web\/wp-content\/uploads\/2025\/09\/WhatsApp-Image-2025-09-06-at-4.49.10-PM-1024x768.jpeg 1024w, https:\/\/iemarcotobon.edu.co\/web\/wp-content\/uploads\/2025\/09\/WhatsApp-Image-2025-09-06-at-4.49.10-PM-768x576.jpeg 768w, https:\/\/iemarcotobon.edu.co\/web\/wp-content\/uploads\/2025\/09\/WhatsApp-Image-2025-09-06-at-4.49.10-PM.jpeg 1280w\" sizes=\"auto, (max-width: 300px) 100vw, 300px\" \/><\/p>\n","protected":false},"excerpt":{"rendered":"<p>Teniendo en cuenta las bases curriculares de la educaci\u00f3n inicial, los estudiantes del grado jard\u00edn desarrollan diversas acciones pedag\u00f3gicas de exploraci\u00f3n del medio, mismas que tienden al reconocimiento de actividades propias del entorno que les permiten dotar de sentido aquello que perciben a trav\u00e9s de sus sentidos.<\/p>\n","protected":false},"author":6,"featured_media":0,"comment_status":"closed","ping_status":"open","sticky":false,"template":"","format":"standard","meta":{"footnotes":""},"categories":[1],"tags":[],"class_list":["post-5638","post","type-post","status-publish","format-standard","hentry","category-noticias-2"],"_links":{"self":[{"href":"https:\/\/iemarcotobon.edu.co\/web\/wp-json\/wp\/v2\/posts\/5638","targetHints":{"allow":["GET"]}}],"collection":[{"href":"https:\/\/iemarcotobon.edu.co\/web\/wp-json\/wp\/v2\/posts"}],"about":[{"href":"https:\/\/iemarcotobon.edu.co\/web\/wp-json\/wp\/v2\/types\/post"}],"author":[{"embeddable":true,"href":"https:\/\/iemarcotobon.edu.co\/web\/wp-json\/wp\/v2\/users\/6"}],"replies":[{"embeddable":true,"href":"https:\/\/iemarcotobon.edu.co\/web\/wp-json\/wp\/v2\/comments?post=5638"}],"version-history":[{"count":2,"href":"https:\/\/iemarcotobon.edu.co\/web\/wp-json\/wp\/v2\/posts\/5638\/revisions"}],"predecessor-version":[{"id":5641,"href":"https:\/\/iemarcotobon.edu.co\/web\/wp-json\/wp\/v2\/posts\/5638\/revisions\/5641"}],"wp:attachment":[{"href":"https:\/\/iemarcotobon.edu.co\/web\/wp-json\/wp\/v2\/media?parent=5638"}],"wp:term":[{"taxonomy":"category","embeddable":true,"href":"https:\/\/iemarcotobon.edu.co\/web\/wp-json\/wp\/v2\/categories?post=5638"},{"taxonomy":"post_tag","embeddable":true,"href":"https:\/\/iemarcotobon.edu.co\/web\/wp-json\/wp\/v2\/tags?post=5638"}],"curies":[{"name":"wp","href":"https:\/\/api.w.org\/{rel}","templated":true}]}}