{"id":5723,"date":"2025-11-18T14:25:29","date_gmt":"2025-11-18T14:25:29","guid":{"rendered":"https:\/\/iemarcotobon.edu.co\/web\/?p=5723"},"modified":"2025-11-24T13:13:20","modified_gmt":"2025-11-24T13:13:20","slug":"retomamos-nuestra-catedra-santarosa-con-el-enfasis-en-humanidades","status":"publish","type":"post","link":"https:\/\/iemarcotobon.edu.co\/web\/retomamos-nuestra-catedra-santarosa-con-el-enfasis-en-humanidades\/","title":{"rendered":"RETOMAMOS NUESTRA C\u00c1TEDRA SANTAROSA CON EL \u00c9NFASIS EN HUMANIDADES."},"content":{"rendered":"<p><img loading=\"lazy\" decoding=\"async\" class=\"size-medium wp-image-5725 aligncenter\" src=\"http:\/\/iemarcotobon.edu.co\/web\/wp-content\/uploads\/2025\/11\/IMG_20251113_084047948_HDR2-300x185.jpg\" alt=\"\" width=\"300\" height=\"185\" srcset=\"https:\/\/iemarcotobon.edu.co\/web\/wp-content\/uploads\/2025\/11\/IMG_20251113_084047948_HDR2-300x185.jpg 300w, https:\/\/iemarcotobon.edu.co\/web\/wp-content\/uploads\/2025\/11\/IMG_20251113_084047948_HDR2-1024x633.jpg 1024w, https:\/\/iemarcotobon.edu.co\/web\/wp-content\/uploads\/2025\/11\/IMG_20251113_084047948_HDR2-768x474.jpg 768w, https:\/\/iemarcotobon.edu.co\/web\/wp-content\/uploads\/2025\/11\/IMG_20251113_084047948_HDR2-1536x949.jpg 1536w, https:\/\/iemarcotobon.edu.co\/web\/wp-content\/uploads\/2025\/11\/IMG_20251113_084047948_HDR2-2048x1265.jpg 2048w\" sizes=\"auto, (max-width: 300px) 100vw, 300px\" \/><\/p>\n<p>El <strong><em>pasado jueves 13 de noviembre<\/em><\/strong>, se llev\u00f3 a cabo <strong>la 4\u00b0 versi\u00f3n de nuestra <\/strong><strong><em>\u201cC\u00e1tedra Santa Rosa de promoci\u00f3n de Ciudadan\u00edas Cr\u00edticas, la conservaci\u00f3n y la Paz territorial\u201d. <\/em><\/strong>\u00a0Toda una Experiencia Significativa de alianza pedag\u00f3gica y operativa que desde el a\u00f1o 2021 se vienen impulsando, con el inter\u00e9s de generar entre los estudiantes del \u00c9nfasis en Humanidades de los grados 10\u00b0 y 11\u00b0, la apropiaci\u00f3n de conocimientos t\u00e9cnicos, normativos y experienciales sobre las din\u00e1micas de conservaci\u00f3n, protecci\u00f3n y gesti\u00f3n del patrimonio natural y cultural del municipio.<\/p>\n<p>En raz\u00f3n de ello, dicha alianza estrat\u00e9gica entre el equipo profesional de <strong><em>la Secretaria de Medio Ambiente del Municipio<\/em><\/strong> de Santa Rosa de oso, algunos <strong><em>ges<\/em><\/strong><strong><em>tores de la mesa ambiental del municipio y de la Reserva Forestal Guanacas<\/em><\/strong>, nos han acompa\u00f1ado durante las sesiones formativas los d\u00edas del curso del \u00e9nfasis, prepar\u00e1ndonos desde el mes de septiembre alrededor de algunos de los mecanismos de protecci\u00f3n ambiental y ordenamiento territorial,\u00a0as\u00ed como el an\u00e1lisis y comprensi\u00f3n de los fen\u00f3menos naturales, as\u00ed como\u00a0las apuestas de conservaci\u00f3n y afianzamiento de los diversos servicios ecosist\u00e9micos que nos prestan la reserva Forestal y Natural de la Fundaci\u00f3n Guanacas.<\/p>\n<p><img loading=\"lazy\" decoding=\"async\" class=\"size-medium wp-image-5727 alignleft\" src=\"http:\/\/iemarcotobon.edu.co\/web\/wp-content\/uploads\/2025\/11\/IMG_20251113_094332240_BURST000_COVER-300x169.jpg\" alt=\"\" width=\"300\" height=\"169\" srcset=\"https:\/\/iemarcotobon.edu.co\/web\/wp-content\/uploads\/2025\/11\/IMG_20251113_094332240_BURST000_COVER-300x169.jpg 300w, https:\/\/iemarcotobon.edu.co\/web\/wp-content\/uploads\/2025\/11\/IMG_20251113_094332240_BURST000_COVER-1024x576.jpg 1024w, https:\/\/iemarcotobon.edu.co\/web\/wp-content\/uploads\/2025\/11\/IMG_20251113_094332240_BURST000_COVER-768x432.jpg 768w, https:\/\/iemarcotobon.edu.co\/web\/wp-content\/uploads\/2025\/11\/IMG_20251113_094332240_BURST000_COVER-1536x864.jpg 1536w, https:\/\/iemarcotobon.edu.co\/web\/wp-content\/uploads\/2025\/11\/IMG_20251113_094332240_BURST000_COVER-2048x1152.jpg 2048w\" sizes=\"auto, (max-width: 300px) 100vw, 300px\" \/> <img loading=\"lazy\" decoding=\"async\" class=\"size-medium wp-image-5728 alignright\" src=\"http:\/\/iemarcotobon.edu.co\/web\/wp-content\/uploads\/2025\/11\/IMG_20251113_082834444-300x169.jpg\" alt=\"\" width=\"300\" height=\"169\" srcset=\"https:\/\/iemarcotobon.edu.co\/web\/wp-content\/uploads\/2025\/11\/IMG_20251113_082834444-300x169.jpg 300w, https:\/\/iemarcotobon.edu.co\/web\/wp-content\/uploads\/2025\/11\/IMG_20251113_082834444-1024x576.jpg 1024w, https:\/\/iemarcotobon.edu.co\/web\/wp-content\/uploads\/2025\/11\/IMG_20251113_082834444-768x432.jpg 768w, https:\/\/iemarcotobon.edu.co\/web\/wp-content\/uploads\/2025\/11\/IMG_20251113_082834444-1536x864.jpg 1536w, https:\/\/iemarcotobon.edu.co\/web\/wp-content\/uploads\/2025\/11\/IMG_20251113_082834444-2048x1152.jpg 2048w\" sizes=\"auto, (max-width: 300px) 100vw, 300px\" \/><\/p>\n<p><img loading=\"lazy\" decoding=\"async\" class=\"size-medium wp-image-5726 aligncenter\" src=\"http:\/\/iemarcotobon.edu.co\/web\/wp-content\/uploads\/2025\/11\/IMG_20251113_085224541_HDR2-300x169.jpg\" alt=\"\" width=\"300\" height=\"169\" srcset=\"https:\/\/iemarcotobon.edu.co\/web\/wp-content\/uploads\/2025\/11\/IMG_20251113_085224541_HDR2-300x169.jpg 300w, https:\/\/iemarcotobon.edu.co\/web\/wp-content\/uploads\/2025\/11\/IMG_20251113_085224541_HDR2-1024x576.jpg 1024w, https:\/\/iemarcotobon.edu.co\/web\/wp-content\/uploads\/2025\/11\/IMG_20251113_085224541_HDR2-768x432.jpg 768w, https:\/\/iemarcotobon.edu.co\/web\/wp-content\/uploads\/2025\/11\/IMG_20251113_085224541_HDR2-1536x864.jpg 1536w, https:\/\/iemarcotobon.edu.co\/web\/wp-content\/uploads\/2025\/11\/IMG_20251113_085224541_HDR2-2048x1152.jpg 2048w\" sizes=\"auto, (max-width: 300px) 100vw, 300px\" \/><\/p>\n<p>De all\u00ed que, la salida pedag\u00f3gica nos permiti\u00f3 visibilizar los servicios ambientales y estrategias de conservaci\u00f3n y protecci\u00f3n de la diversidad biol\u00f3gica y ecosist\u00e9mica de nuestro municipio, a la vez que aprendimos sobre los diversos tipos de suelos, la variabilidad biol\u00f3gica de los bosques alto andinos, as\u00ed como las formas, tiempos y recursos necesarios para sostener las din\u00e1micas de regeneraci\u00f3n de estos importantes ecosistemas que nos sirven para el sost\u00e9n de la calidad de los recursos estrat\u00e9gicos como el agua y el aire de nuestros territorios.<\/p>\n<p>En el siguiente enlace, podr\u00e1n ver m\u00e1s de los aprendizajes y las experiencias vivenciadas por nuestros estudiantes, en esta maravillosa apuesta por el reconocimiento de nuestra riqueza naturales, as\u00ed como el cultivo de competencias cr\u00edticas y ciudadanas para la defensa del patrimonio cultural, natural y territorial que nos garantice calidad de vida y paz a tod@s.<\/p>\n<p><img loading=\"lazy\" decoding=\"async\" class=\"size-medium wp-image-5730 alignleft\" src=\"http:\/\/iemarcotobon.edu.co\/web\/wp-content\/uploads\/2025\/11\/IMG_20251113_094341413-300x225.jpg\" alt=\"\" width=\"300\" height=\"225\" srcset=\"https:\/\/iemarcotobon.edu.co\/web\/wp-content\/uploads\/2025\/11\/IMG_20251113_094341413-300x225.jpg 300w, https:\/\/iemarcotobon.edu.co\/web\/wp-content\/uploads\/2025\/11\/IMG_20251113_094341413-1024x768.jpg 1024w, https:\/\/iemarcotobon.edu.co\/web\/wp-content\/uploads\/2025\/11\/IMG_20251113_094341413-768x576.jpg 768w, https:\/\/iemarcotobon.edu.co\/web\/wp-content\/uploads\/2025\/11\/IMG_20251113_094341413-1536x1152.jpg 1536w, https:\/\/iemarcotobon.edu.co\/web\/wp-content\/uploads\/2025\/11\/IMG_20251113_094341413-2048x1536.jpg 2048w\" sizes=\"auto, (max-width: 300px) 100vw, 300px\" \/> <img loading=\"lazy\" decoding=\"async\" class=\"size-medium wp-image-5731 alignright\" src=\"http:\/\/iemarcotobon.edu.co\/web\/wp-content\/uploads\/2025\/11\/IMG_20251113_101802698_BURST000_COVER-300x169.jpg\" alt=\"\" width=\"300\" height=\"169\" srcset=\"https:\/\/iemarcotobon.edu.co\/web\/wp-content\/uploads\/2025\/11\/IMG_20251113_101802698_BURST000_COVER-300x169.jpg 300w, https:\/\/iemarcotobon.edu.co\/web\/wp-content\/uploads\/2025\/11\/IMG_20251113_101802698_BURST000_COVER-1024x576.jpg 1024w, https:\/\/iemarcotobon.edu.co\/web\/wp-content\/uploads\/2025\/11\/IMG_20251113_101802698_BURST000_COVER-768x432.jpg 768w, https:\/\/iemarcotobon.edu.co\/web\/wp-content\/uploads\/2025\/11\/IMG_20251113_101802698_BURST000_COVER-1536x864.jpg 1536w, https:\/\/iemarcotobon.edu.co\/web\/wp-content\/uploads\/2025\/11\/IMG_20251113_101802698_BURST000_COVER-2048x1152.jpg 2048w\" sizes=\"auto, (max-width: 300px) 100vw, 300px\" \/> <img loading=\"lazy\" decoding=\"async\" class=\"size-medium wp-image-5732 alignright\" src=\"http:\/\/iemarcotobon.edu.co\/web\/wp-content\/uploads\/2025\/11\/IMG_20251113_103427323-300x169.jpg\" alt=\"\" width=\"300\" height=\"169\" srcset=\"https:\/\/iemarcotobon.edu.co\/web\/wp-content\/uploads\/2025\/11\/IMG_20251113_103427323-300x169.jpg 300w, https:\/\/iemarcotobon.edu.co\/web\/wp-content\/uploads\/2025\/11\/IMG_20251113_103427323-1024x576.jpg 1024w, https:\/\/iemarcotobon.edu.co\/web\/wp-content\/uploads\/2025\/11\/IMG_20251113_103427323-768x432.jpg 768w, https:\/\/iemarcotobon.edu.co\/web\/wp-content\/uploads\/2025\/11\/IMG_20251113_103427323-1536x864.jpg 1536w, https:\/\/iemarcotobon.edu.co\/web\/wp-content\/uploads\/2025\/11\/IMG_20251113_103427323-2048x1152.jpg 2048w\" sizes=\"auto, (max-width: 300px) 100vw, 300px\" \/> <img loading=\"lazy\" decoding=\"async\" class=\"size-medium wp-image-5733 alignnone\" src=\"http:\/\/iemarcotobon.edu.co\/web\/wp-content\/uploads\/2025\/11\/IMG_20251113_110946242-169x300.jpg\" alt=\"\" width=\"169\" height=\"300\" srcset=\"https:\/\/iemarcotobon.edu.co\/web\/wp-content\/uploads\/2025\/11\/IMG_20251113_110946242-169x300.jpg 169w, https:\/\/iemarcotobon.edu.co\/web\/wp-content\/uploads\/2025\/11\/IMG_20251113_110946242-576x1024.jpg 576w, https:\/\/iemarcotobon.edu.co\/web\/wp-content\/uploads\/2025\/11\/IMG_20251113_110946242-768x1365.jpg 768w, https:\/\/iemarcotobon.edu.co\/web\/wp-content\/uploads\/2025\/11\/IMG_20251113_110946242-864x1536.jpg 864w, https:\/\/iemarcotobon.edu.co\/web\/wp-content\/uploads\/2025\/11\/IMG_20251113_110946242-1152x2048.jpg 1152w, https:\/\/iemarcotobon.edu.co\/web\/wp-content\/uploads\/2025\/11\/IMG_20251113_110946242-scaled.jpg 1440w\" sizes=\"auto, (max-width: 169px) 100vw, 169px\" \/><\/p>\n<p><a href=\"https:\/\/padlet.com\/joetipus2024\/Salida_Guanacas_2025\">https:\/\/padlet.com\/joetipus2024\/Salida_Guanacas_2025.<\/a><\/p>\n","protected":false},"excerpt":{"rendered":"<p>El pasado jueves 13 de noviembre, se llev\u00f3 a cabo la 4\u00b0 versi\u00f3n de nuestra \u201cC\u00e1tedra Santa Rosa de promoci\u00f3n de Ciudadan\u00edas Cr\u00edticas, la conservaci\u00f3n y la Paz territorial\u201d. \u00a0Toda una Experiencia Significativa de alianza pedag\u00f3gica y operativa que desde el a\u00f1o 2021 se vienen impulsando, con el inter\u00e9s de generar entre los estudiantes del [&hellip;]<\/p>\n","protected":false},"author":25,"featured_media":5725,"comment_status":"closed","ping_status":"open","sticky":false,"template":"","format":"standard","meta":{"footnotes":""},"categories":[1],"tags":[66,70],"class_list":["post-5723","post","type-post","status-publish","format-standard","has-post-thumbnail","hentry","category-noticias-2","tag-catedra-santa-rosa","tag-enfasis-en-humanidades"],"_links":{"self":[{"href":"https:\/\/iemarcotobon.edu.co\/web\/wp-json\/wp\/v2\/posts\/5723","targetHints":{"allow":["GET"]}}],"collection":[{"href":"https:\/\/iemarcotobon.edu.co\/web\/wp-json\/wp\/v2\/posts"}],"about":[{"href":"https:\/\/iemarcotobon.edu.co\/web\/wp-json\/wp\/v2\/types\/post"}],"author":[{"embeddable":true,"href":"https:\/\/iemarcotobon.edu.co\/web\/wp-json\/wp\/v2\/users\/25"}],"replies":[{"embeddable":true,"href":"https:\/\/iemarcotobon.edu.co\/web\/wp-json\/wp\/v2\/comments?post=5723"}],"version-history":[{"count":4,"href":"https:\/\/iemarcotobon.edu.co\/web\/wp-json\/wp\/v2\/posts\/5723\/revisions"}],"predecessor-version":[{"id":5737,"href":"https:\/\/iemarcotobon.edu.co\/web\/wp-json\/wp\/v2\/posts\/5723\/revisions\/5737"}],"wp:featuredmedia":[{"embeddable":true,"href":"https:\/\/iemarcotobon.edu.co\/web\/wp-json\/wp\/v2\/media\/5725"}],"wp:attachment":[{"href":"https:\/\/iemarcotobon.edu.co\/web\/wp-json\/wp\/v2\/media?parent=5723"}],"wp:term":[{"taxonomy":"category","embeddable":true,"href":"https:\/\/iemarcotobon.edu.co\/web\/wp-json\/wp\/v2\/categories?post=5723"},{"taxonomy":"post_tag","embeddable":true,"href":"https:\/\/iemarcotobon.edu.co\/web\/wp-json\/wp\/v2\/tags?post=5723"}],"curies":[{"name":"wp","href":"https:\/\/api.w.org\/{rel}","templated":true}]}}