{"id":5813,"date":"2026-03-14T18:21:20","date_gmt":"2026-03-14T18:21:20","guid":{"rendered":"https:\/\/iemarcotobon.edu.co\/web\/?p=5813"},"modified":"2026-03-14T18:44:54","modified_gmt":"2026-03-14T18:44:54","slug":"el-centro-de-conciliacion-escolar-ya-viene","status":"publish","type":"post","link":"https:\/\/iemarcotobon.edu.co\/web\/el-centro-de-conciliacion-escolar-ya-viene\/","title":{"rendered":"El Centro de Conciliaci\u00f3n Escolar ya viene!!"},"content":{"rendered":"<p style=\"text-align: center\"><img loading=\"lazy\" decoding=\"async\" class=\" wp-image-5580 alignright\" src=\"http:\/\/iemarcotobon.edu.co\/web\/wp-content\/uploads\/2025\/05\/Logo-Proyecto-Crese-300x300.png\" alt=\"\" width=\"190\" height=\"190\" srcset=\"https:\/\/iemarcotobon.edu.co\/web\/wp-content\/uploads\/2025\/05\/Logo-Proyecto-Crese-300x300.png 300w, https:\/\/iemarcotobon.edu.co\/web\/wp-content\/uploads\/2025\/05\/Logo-Proyecto-Crese-150x150.png 150w, https:\/\/iemarcotobon.edu.co\/web\/wp-content\/uploads\/2025\/05\/Logo-Proyecto-Crese-768x768.png 768w, https:\/\/iemarcotobon.edu.co\/web\/wp-content\/uploads\/2025\/05\/Logo-Proyecto-Crese.png 1024w\" sizes=\"auto, (max-width: 190px) 100vw, 190px\" \/>Desde el equipo del proyecto <strong>CRESE<\/strong>, se buscan fomentar diversas iniciativas para mejorar las din\u00e1micas formaci\u00f3n de liderazgos estudiantiles en pr\u00e1cticas de conciliaci\u00f3n y resoluci\u00f3n restaurativa de los Conflictos Escolares. Adicionalmente, se busca generar escenarios que propicien en la comunidad educativa reflexiones cr\u00edticas sobre c\u00f3mo potenciar la diversidad cultural, comprendida como un puente de entendimiento y construcci\u00f3n colectiva, as\u00ed como del fortalecimiento y tejido entre los diversos actores institucionales, comunitarios y escolares en el fortalecimiento de pr\u00e1cticas \u00e9ticas y restaurativa de las violencias estructurales y cotidianas que se pueden generar y vivenciar en la escuela.<\/p>\n<p><img loading=\"lazy\" decoding=\"async\" class=\"wp-image-5827 alignleft\" src=\"http:\/\/iemarcotobon.edu.co\/web\/wp-content\/uploads\/2026\/03\/WhatsApp-Image-2026-03-14-at-1.37.40-PM-300x253.jpeg\" alt=\"\" width=\"282\" height=\"238\" srcset=\"https:\/\/iemarcotobon.edu.co\/web\/wp-content\/uploads\/2026\/03\/WhatsApp-Image-2026-03-14-at-1.37.40-PM-300x253.jpeg 300w, https:\/\/iemarcotobon.edu.co\/web\/wp-content\/uploads\/2026\/03\/WhatsApp-Image-2026-03-14-at-1.37.40-PM-1024x864.jpeg 1024w, https:\/\/iemarcotobon.edu.co\/web\/wp-content\/uploads\/2026\/03\/WhatsApp-Image-2026-03-14-at-1.37.40-PM-768x648.jpeg 768w, https:\/\/iemarcotobon.edu.co\/web\/wp-content\/uploads\/2026\/03\/WhatsApp-Image-2026-03-14-at-1.37.40-PM.jpeg 1280w\" sizes=\"auto, (max-width: 282px) 100vw, 282px\" \/>En esta ocasi\u00f3n, buscamos destacar en un interesante corto audiovisual, los procesos de\u00a0 adecuaci\u00f3n del centro de conciliaci\u00f3n escolar, el cu\u00e1l estamos en proceso de finalizaci\u00f3n para su pronta apertura. Dentro de dichas din\u00e1micas de adecuaci\u00f3n, se cuenta con una obra muralista de la Maestra Ana Bonilla, quien reconoce que:\u00a0 \u00abeste mural se realiz\u00f3 en el Colegio Marco Tob\u00f3n Mej\u00eda, en Santa Rosa de Osos, bajo un di\u00e1logo con lxs compa\u00f1erxs de Ciencias Sociales, en especial el acompa\u00f1amiento de la Docente Catalina Alvarez, sobre justicia restaurativa y sobre c\u00f3mo construir nuevas formas de resolver los conflictos escolares.<\/p>\n<p>Pienso que el tejido y la costura son labores que exigen paciencia y cuidado; y cuando elegimos tejer con otros, aprendemos a escuchar, a comprender y a transformar los conflictos que surgen en el camino.<\/p>\n<p>Estas labores representan la memoria y la resistencia colectiva, porque han sido el medio que ha sostenido a muchas familias latinoamericanas, a trav\u00e9s del trabajo colaborativo de nuestras madres ,abuelas, t\u00edas y amigas. Tambi\u00e9n nos han dejado pensar en la historia no contada y nos recuerdan que hay formas de vivir el tiempo que resisten al capitalismo.<\/p>\n<p>Son una met\u00e1fora de lo colectivo porque en mi historia con el tejido siempre han estado otras personas tejiendo conmigo. \ud83d\udda4\ud83d\udc9c<\/p>\n<p style=\"text-align: right\">Gracias a la profesora Catalina Alvarez por sostener este proceso con su alegr\u00eda y sensibilidad est\u00e9tica, y a @_13_tlacuatzin12 por su trabajo audiovisual\u00bb<img loading=\"lazy\" decoding=\"async\" class=\"alignnone size-medium wp-image-5826\" src=\"http:\/\/iemarcotobon.edu.co\/web\/wp-content\/uploads\/2026\/03\/WhatsApp-Image-2026-03-14-at-1.37.40-PM-1-300x225.jpeg\" alt=\"\" width=\"300\" height=\"225\" srcset=\"https:\/\/iemarcotobon.edu.co\/web\/wp-content\/uploads\/2026\/03\/WhatsApp-Image-2026-03-14-at-1.37.40-PM-1-300x225.jpeg 300w, https:\/\/iemarcotobon.edu.co\/web\/wp-content\/uploads\/2026\/03\/WhatsApp-Image-2026-03-14-at-1.37.40-PM-1-1024x768.jpeg 1024w, https:\/\/iemarcotobon.edu.co\/web\/wp-content\/uploads\/2026\/03\/WhatsApp-Image-2026-03-14-at-1.37.40-PM-1-768x576.jpeg 768w, https:\/\/iemarcotobon.edu.co\/web\/wp-content\/uploads\/2026\/03\/WhatsApp-Image-2026-03-14-at-1.37.40-PM-1-1536x1153.jpeg 1536w, https:\/\/iemarcotobon.edu.co\/web\/wp-content\/uploads\/2026\/03\/WhatsApp-Image-2026-03-14-at-1.37.40-PM-1.jpeg 1599w\" sizes=\"auto, (max-width: 300px) 100vw, 300px\" \/><\/p>\n<div style=\"width: 848px;\" class=\"wp-video\"><video class=\"wp-video-shortcode\" id=\"video-5813-1\" width=\"848\" height=\"478\" preload=\"metadata\" controls=\"controls\"><source type=\"video\/mp4\" src=\"http:\/\/iemarcotobon.edu.co\/web\/wp-content\/uploads\/2026\/03\/WhatsApp-Video-2026-03-09-at-9.20.52-AM.mp4?_=1\" \/><a href=\"http:\/\/iemarcotobon.edu.co\/web\/wp-content\/uploads\/2026\/03\/WhatsApp-Video-2026-03-09-at-9.20.52-AM.mp4\">http:\/\/iemarcotobon.edu.co\/web\/wp-content\/uploads\/2026\/03\/WhatsApp-Video-2026-03-09-at-9.20.52-AM.mp4<\/a><\/video><\/div>\n","protected":false},"excerpt":{"rendered":"<p>Desde el equipo del proyecto CRESE, se buscan fomentar diversas iniciativas para mejorar las din\u00e1micas formaci\u00f3n de liderazgos estudiantiles en pr\u00e1cticas de conciliaci\u00f3n y resoluci\u00f3n restaurativa de los Conflictos Escolares. Adicionalmente, se busca generar escenarios que propicien en la comunidad educativa reflexiones cr\u00edticas sobre c\u00f3mo potenciar la diversidad cultural, comprendida como un puente de entendimiento [&hellip;]<\/p>\n","protected":false},"author":25,"featured_media":5825,"comment_status":"closed","ping_status":"open","sticky":false,"template":"","format":"standard","meta":{"footnotes":""},"categories":[1],"tags":[],"class_list":["post-5813","post","type-post","status-publish","format-standard","has-post-thumbnail","hentry","category-noticias-2"],"_links":{"self":[{"href":"https:\/\/iemarcotobon.edu.co\/web\/wp-json\/wp\/v2\/posts\/5813","targetHints":{"allow":["GET"]}}],"collection":[{"href":"https:\/\/iemarcotobon.edu.co\/web\/wp-json\/wp\/v2\/posts"}],"about":[{"href":"https:\/\/iemarcotobon.edu.co\/web\/wp-json\/wp\/v2\/types\/post"}],"author":[{"embeddable":true,"href":"https:\/\/iemarcotobon.edu.co\/web\/wp-json\/wp\/v2\/users\/25"}],"replies":[{"embeddable":true,"href":"https:\/\/iemarcotobon.edu.co\/web\/wp-json\/wp\/v2\/comments?post=5813"}],"version-history":[{"count":9,"href":"https:\/\/iemarcotobon.edu.co\/web\/wp-json\/wp\/v2\/posts\/5813\/revisions"}],"predecessor-version":[{"id":5828,"href":"https:\/\/iemarcotobon.edu.co\/web\/wp-json\/wp\/v2\/posts\/5813\/revisions\/5828"}],"wp:featuredmedia":[{"embeddable":true,"href":"https:\/\/iemarcotobon.edu.co\/web\/wp-json\/wp\/v2\/media\/5825"}],"wp:attachment":[{"href":"https:\/\/iemarcotobon.edu.co\/web\/wp-json\/wp\/v2\/media?parent=5813"}],"wp:term":[{"taxonomy":"category","embeddable":true,"href":"https:\/\/iemarcotobon.edu.co\/web\/wp-json\/wp\/v2\/categories?post=5813"},{"taxonomy":"post_tag","embeddable":true,"href":"https:\/\/iemarcotobon.edu.co\/web\/wp-json\/wp\/v2\/tags?post=5813"}],"curies":[{"name":"wp","href":"https:\/\/api.w.org\/{rel}","templated":true}]}}