{"id":5877,"date":"2026-04-29T17:07:38","date_gmt":"2026-04-29T17:07:38","guid":{"rendered":"https:\/\/iemarcotobon.edu.co\/web\/?p=5877"},"modified":"2026-04-29T17:24:51","modified_gmt":"2026-04-29T17:24:51","slug":"asi-vivimos-la-inauguracion-del-torneo-interclases-2026","status":"publish","type":"post","link":"https:\/\/iemarcotobon.edu.co\/web\/asi-vivimos-la-inauguracion-del-torneo-interclases-2026\/","title":{"rendered":"**As\u00ed vivimos la inauguraci\u00f3n del Torneo Interclases 2026!*"},"content":{"rendered":"<div class=\"xdj266r x14z9mp xat24cr x1lziwak x1vvkbs x126k92a\">\n<div dir=\"auto\">El pasado 16 de abril, la Instituci\u00f3n Educativa Marco Tob\u00f3n Mej\u00eda se llen\u00f3 de color, m\u00fasica y entusiasmo con la inauguraci\u00f3n del esperado Torneo Interclases, un evento que tuvo lugar en el coliseo menor y que reuni\u00f3 a toda nuestra comunidad educativa en un ambiente de alegr\u00eda y uni\u00f3n.<\/div>\n<\/div>\n<div class=\"x14z9mp xat24cr x1lziwak x1vvkbs xtlvy1s x126k92a\">\n<div dir=\"auto\">La jornada inici\u00f3 con un vibrante desfile de cada grupo, quienes, con gran creatividad, representaron distintos pa\u00edses a trav\u00e9s de sus distintivos, heraldos y pasacalles. La apertura estuvo a cargo de nuestra destacada banda marcial, que, como siempre, se luci\u00f3 con una presentaci\u00f3n llena de energ\u00eda y precisi\u00f3n.<\/div>\n<div dir=\"auto\">Al ingresar al coliseo, se pudo apreciar cada delegaci\u00f3n en todo su esplendor, acompa\u00f1ada de muestras culturales como presentaciones de baile urbano, que llenaron el escenario de dinamismo y talento. Fue, sin duda, un espacio donde estudiantes y docentes demostraron su sentido de pertenencia, compromiso y trabajo en equipo.<\/div>\n<div dir=\"auto\">Destacamos especialmente a las delegaciones sobresalientes de esta jornada:<\/div>\n<div dir=\"auto\">Grado 8B \u2013 Delegaci\u00f3n de Estados Unidos<\/div>\n<div dir=\"auto\">Grado 9C \u2013 Delegaci\u00f3n de Brasil<\/div>\n<div dir=\"auto\">Para cerrar esta gran inauguraci\u00f3n, se llevaron a cabo los partidos inaugurales de f\u00fatbol de sal\u00f3n:<\/div>\n<div dir=\"auto\">Categor\u00eda A: Jap\u00f3n 6B vs Argentina 7C<\/div>\n<div dir=\"auto\">Categor\u00eda B: Espa\u00f1a 10A vs Italia 10C<\/div>\n<div dir=\"auto\">Felicitamos a todos los participantes por su esfuerzo, creatividad y dedicaci\u00f3n en cada puesta en escena. Agradecemos el liderazgo del docente Eduard Guti\u00e9rrez y los dem\u00e1s docentes de la instituci\u00f3n que se comprometieron con este proceso.<\/div>\n<div dir=\"auto\">Este evento reafirma que, m\u00e1s all\u00e1 de la competencia, el deporte es un escenario para fortalecer valores, convivir y crecer juntos como comunidad.<\/div>\n<div dir=\"auto\">\u00a1Que inicien los juegos!<\/div>\n<\/div>\n<div dir=\"auto\"><\/div>\n<div dir=\"auto\">Autora: Erica Liliana Rojas Echavarr\u00eda<\/div>\n<div dir=\"auto\"><\/div>\n<div dir=\"auto\">\n\n\t\t<style type=\"text\/css\">\n\t\t\t#gallery-1 {\n\t\t\t\tmargin: auto;\n\t\t\t}\n\t\t\t#gallery-1 .gallery-item {\n\t\t\t\tfloat: left;\n\t\t\t\tmargin-top: 10px;\n\t\t\t\ttext-align: center;\n\t\t\t\twidth: 33%;\n\t\t\t}\n\t\t\t#gallery-1 img {\n\t\t\t\tborder: 2px solid #cfcfcf;\n\t\t\t}\n\t\t\t#gallery-1 .gallery-caption {\n\t\t\t\tmargin-left: 0;\n\t\t\t}\n\t\t\t\/* see gallery_shortcode() in wp-includes\/media.php *\/\n\t\t<\/style>\n\t\t<div id='gallery-1' class='gallery galleryid-5877 gallery-columns-3 gallery-size-thumbnail'><dl class='gallery-item'>\n\t\t\t<dt class='gallery-icon landscape'>\n\t\t\t\t<a href='https:\/\/iemarcotobon.edu.co\/web\/asi-vivimos-la-inauguracion-del-torneo-interclases-2026\/a\/'><img loading=\"lazy\" decoding=\"async\" width=\"150\" height=\"150\" src=\"https:\/\/iemarcotobon.edu.co\/web\/wp-content\/uploads\/2026\/04\/A-150x150.jpg\" class=\"attachment-thumbnail size-thumbnail\" alt=\"\" \/><\/a>\n\t\t\t<\/dt><\/dl><dl class='gallery-item'>\n\t\t\t<dt class='gallery-icon landscape'>\n\t\t\t\t<a href='https:\/\/iemarcotobon.edu.co\/web\/asi-vivimos-la-inauguracion-del-torneo-interclases-2026\/b\/'><img loading=\"lazy\" decoding=\"async\" width=\"150\" height=\"150\" src=\"https:\/\/iemarcotobon.edu.co\/web\/wp-content\/uploads\/2026\/04\/B-150x150.jpg\" class=\"attachment-thumbnail size-thumbnail\" alt=\"\" \/><\/a>\n\t\t\t<\/dt><\/dl><dl class='gallery-item'>\n\t\t\t<dt class='gallery-icon landscape'>\n\t\t\t\t<a href='https:\/\/iemarcotobon.edu.co\/web\/asi-vivimos-la-inauguracion-del-torneo-interclases-2026\/c\/'><img loading=\"lazy\" decoding=\"async\" width=\"150\" height=\"150\" src=\"https:\/\/iemarcotobon.edu.co\/web\/wp-content\/uploads\/2026\/04\/C-150x150.jpg\" class=\"attachment-thumbnail size-thumbnail\" alt=\"\" \/><\/a>\n\t\t\t<\/dt><\/dl><br style=\"clear: both\" \/><dl class='gallery-item'>\n\t\t\t<dt class='gallery-icon landscape'>\n\t\t\t\t<a href='https:\/\/iemarcotobon.edu.co\/web\/asi-vivimos-la-inauguracion-del-torneo-interclases-2026\/d\/'><img loading=\"lazy\" decoding=\"async\" width=\"150\" height=\"150\" src=\"https:\/\/iemarcotobon.edu.co\/web\/wp-content\/uploads\/2026\/04\/D-150x150.jpg\" class=\"attachment-thumbnail size-thumbnail\" alt=\"\" \/><\/a>\n\t\t\t<\/dt><\/dl><dl class='gallery-item'>\n\t\t\t<dt class='gallery-icon landscape'>\n\t\t\t\t<a href='https:\/\/iemarcotobon.edu.co\/web\/asi-vivimos-la-inauguracion-del-torneo-interclases-2026\/f\/'><img loading=\"lazy\" decoding=\"async\" width=\"150\" height=\"150\" src=\"https:\/\/iemarcotobon.edu.co\/web\/wp-content\/uploads\/2026\/04\/F-150x150.jpg\" class=\"attachment-thumbnail size-thumbnail\" alt=\"\" \/><\/a>\n\t\t\t<\/dt><\/dl><dl class='gallery-item'>\n\t\t\t<dt class='gallery-icon landscape'>\n\t\t\t\t<a href='https:\/\/iemarcotobon.edu.co\/web\/asi-vivimos-la-inauguracion-del-torneo-interclases-2026\/g\/'><img loading=\"lazy\" decoding=\"async\" width=\"150\" height=\"150\" src=\"https:\/\/iemarcotobon.edu.co\/web\/wp-content\/uploads\/2026\/04\/G-150x150.jpg\" class=\"attachment-thumbnail size-thumbnail\" alt=\"\" \/><\/a>\n\t\t\t<\/dt><\/dl><br style=\"clear: both\" \/><dl class='gallery-item'>\n\t\t\t<dt class='gallery-icon landscape'>\n\t\t\t\t<a href='https:\/\/iemarcotobon.edu.co\/web\/asi-vivimos-la-inauguracion-del-torneo-interclases-2026\/h\/'><img loading=\"lazy\" decoding=\"async\" width=\"150\" height=\"150\" src=\"https:\/\/iemarcotobon.edu.co\/web\/wp-content\/uploads\/2026\/04\/H-150x150.jpg\" class=\"attachment-thumbnail size-thumbnail\" alt=\"\" \/><\/a>\n\t\t\t<\/dt><\/dl><dl class='gallery-item'>\n\t\t\t<dt class='gallery-icon landscape'>\n\t\t\t\t<a href='https:\/\/iemarcotobon.edu.co\/web\/asi-vivimos-la-inauguracion-del-torneo-interclases-2026\/i\/'><img loading=\"lazy\" decoding=\"async\" width=\"150\" height=\"150\" src=\"https:\/\/iemarcotobon.edu.co\/web\/wp-content\/uploads\/2026\/04\/I-150x150.jpg\" class=\"attachment-thumbnail size-thumbnail\" alt=\"\" \/><\/a>\n\t\t\t<\/dt><\/dl><dl class='gallery-item'>\n\t\t\t<dt class='gallery-icon landscape'>\n\t\t\t\t<a href='https:\/\/iemarcotobon.edu.co\/web\/asi-vivimos-la-inauguracion-del-torneo-interclases-2026\/e\/'><img loading=\"lazy\" decoding=\"async\" width=\"150\" height=\"150\" src=\"https:\/\/iemarcotobon.edu.co\/web\/wp-content\/uploads\/2026\/04\/E-150x150.jpg\" class=\"attachment-thumbnail size-thumbnail\" alt=\"\" \/><\/a>\n\t\t\t<\/dt><\/dl><br style=\"clear: both\" \/>\n\t\t<\/div>\n\n<\/div>\n","protected":false},"excerpt":{"rendered":"<p>El pasado 16 de abril, la Instituci\u00f3n Educativa Marco Tob\u00f3n Mej\u00eda se llen\u00f3 de color, m\u00fasica y entusiasmo con la inauguraci\u00f3n del esperado Torneo Interclases, un evento que tuvo lugar en el coliseo menor y que reuni\u00f3 a toda nuestra comunidad educativa en un ambiente de alegr\u00eda y uni\u00f3n. La jornada inici\u00f3 con un vibrante [&hellip;]<\/p>\n","protected":false},"author":4,"featured_media":0,"comment_status":"closed","ping_status":"open","sticky":false,"template":"","format":"standard","meta":{"footnotes":""},"categories":[1],"tags":[],"class_list":["post-5877","post","type-post","status-publish","format-standard","hentry","category-noticias-2"],"_links":{"self":[{"href":"https:\/\/iemarcotobon.edu.co\/web\/wp-json\/wp\/v2\/posts\/5877","targetHints":{"allow":["GET"]}}],"collection":[{"href":"https:\/\/iemarcotobon.edu.co\/web\/wp-json\/wp\/v2\/posts"}],"about":[{"href":"https:\/\/iemarcotobon.edu.co\/web\/wp-json\/wp\/v2\/types\/post"}],"author":[{"embeddable":true,"href":"https:\/\/iemarcotobon.edu.co\/web\/wp-json\/wp\/v2\/users\/4"}],"replies":[{"embeddable":true,"href":"https:\/\/iemarcotobon.edu.co\/web\/wp-json\/wp\/v2\/comments?post=5877"}],"version-history":[{"count":4,"href":"https:\/\/iemarcotobon.edu.co\/web\/wp-json\/wp\/v2\/posts\/5877\/revisions"}],"predecessor-version":[{"id":5890,"href":"https:\/\/iemarcotobon.edu.co\/web\/wp-json\/wp\/v2\/posts\/5877\/revisions\/5890"}],"wp:attachment":[{"href":"https:\/\/iemarcotobon.edu.co\/web\/wp-json\/wp\/v2\/media?parent=5877"}],"wp:term":[{"taxonomy":"category","embeddable":true,"href":"https:\/\/iemarcotobon.edu.co\/web\/wp-json\/wp\/v2\/categories?post=5877"},{"taxonomy":"post_tag","embeddable":true,"href":"https:\/\/iemarcotobon.edu.co\/web\/wp-json\/wp\/v2\/tags?post=5877"}],"curies":[{"name":"wp","href":"https:\/\/api.w.org\/{rel}","templated":true}]}}